{"id":35077,"date":"2021-05-10T12:03:00","date_gmt":"2021-05-10T15:03:00","guid":{"rendered":"https:\/\/www.portalalerta.com.br\/?p=35077"},"modified":"2021-05-10T00:34:41","modified_gmt":"2021-05-10T03:34:41","slug":"gestante-de-apenas-30-anos-de-idade-morre-em-decorrencia-da-covid-19-em-ribeira-do-amparo-ba-crianca-tambem-morreu","status":"publish","type":"post","link":"https:\/\/www.portalalerta.com.br\/index.php\/2021\/05\/10\/gestante-de-apenas-30-anos-de-idade-morre-em-decorrencia-da-covid-19-em-ribeira-do-amparo-ba-crianca-tambem-morreu\/","title":{"rendered":"Gestante de apenas 30 anos de idade, morre em decorr\u00eancia da Covid-19, em Ribeira do Amparo-BA. Crian\u00e7a tamb\u00e9m morreu!"},"content":{"rendered":"\n<p>Uma mulher de apenas 30 anos de idade teve o seu \u00f3bito confirmado neste domingo (09), em decorr\u00eancia da Covid-19 (Coronav\u00edrus), em Ribeira do Amparo-BA.<\/p>\n\n\n\n<!--more-->\n\n\n\n<div class=\"wp-block-image\"><figure class=\"alignleft size-large is-resized\"><img fetchpriority=\"high\" decoding=\"async\" src=\"https:\/\/www.portalalerta.com.br\/wp-content\/uploads\/2021\/04\/ELAB.jpg\" alt=\"\" class=\"wp-image-34795\" width=\"343\" height=\"274\" srcset=\"https:\/\/www.portalalerta.com.br\/wp-content\/uploads\/2021\/04\/ELAB.jpg 1000w, https:\/\/www.portalalerta.com.br\/wp-content\/uploads\/2021\/04\/ELAB-300x240.jpg 300w, https:\/\/www.portalalerta.com.br\/wp-content\/uploads\/2021\/04\/ELAB-768x614.jpg 768w, https:\/\/www.portalalerta.com.br\/wp-content\/uploads\/2021\/04\/ELAB-183x146.jpg 183w, https:\/\/www.portalalerta.com.br\/wp-content\/uploads\/2021\/04\/ELAB-50x40.jpg 50w, https:\/\/www.portalalerta.com.br\/wp-content\/uploads\/2021\/04\/ELAB-94x75.jpg 94w\" sizes=\"(max-width: 343px) 100vw, 343px\" \/><\/figure><\/div>\n\n\n\n<p>De acordo com informa\u00e7\u00f5es, a mulher que estava gestante, deu entrada na Unidade de Pronto Atendimento ao Covid, no referido munic\u00edpio, no \u00faltimo dia 03, onde teve o seu diagn\u00f3stico confirmado no dia seguinte. Devido \u00e0s complica\u00e7\u00f5es causadas pela doen\u00e7a, a mulher foi transferida para uma Unidade Refer\u00eancia em Salvador, onde foi submetida a uma cesariana, onde a crian\u00e7a morreu.<\/p>\n\n\n\n<p>Neste domingo (09), justamente no dia em que se comemorou o dia das m\u00e3es, a paciente n\u00e3o resistiu e evoluiu a \u00f3bito. Somente a morte da mulher teve como causa o Coronav\u00edrus, e por isso, o munic\u00edpio chega ao quinto \u00f3bito por conta da doen\u00e7a.<\/p>\n\n\n\n<p><em>Reda\u00e7\u00e3o: Portal Alerta<\/em><\/p>\n\n\n\n<p><strong><em>#fiqueemcasa<\/em><\/strong><\/p>\n\n\n\n<p><strong><em>#usemascaras<\/em><\/strong><\/p>\n","protected":false},"excerpt":{"rendered":"<p>Uma mulher de apenas 30 anos de idade teve o seu \u00f3bito confirmado neste domingo (09), em decorr\u00eancia da Covid-19 (Coronav\u00edrus), em Ribeira do Amparo-BA.<\/p>\n","protected":false},"author":2,"featured_media":32710,"comment_status":"open","ping_status":"open","sticky":false,"template":"","format":"standard","meta":{"om_disable_all_campaigns":false,"_monsterinsights_skip_tracking":false,"_monsterinsights_sitenote_active":false,"_monsterinsights_sitenote_note":"","_monsterinsights_sitenote_category":0,"footnotes":""},"categories":[70,69,32,16,19],"tags":[3429,3486,1278,169,88,61],"class_list":["post-35077","post","type-post","status-publish","format-standard","has-post-thumbnail","hentry","category-destaques","category-noticias2","category-regiao","category-ribeira-do-amparo","category-saude","tag-coronavirus","tag-covid-19","tag-gestante","tag-morte","tag-ribeira-do-amparo","tag-saude"],"aioseo_notices":[],"_links":{"self":[{"href":"https:\/\/www.portalalerta.com.br\/index.php\/wp-json\/wp\/v2\/posts\/35077","targetHints":{"allow":["GET"]}}],"collection":[{"href":"https:\/\/www.portalalerta.com.br\/index.php\/wp-json\/wp\/v2\/posts"}],"about":[{"href":"https:\/\/www.portalalerta.com.br\/index.php\/wp-json\/wp\/v2\/types\/post"}],"author":[{"embeddable":true,"href":"https:\/\/www.portalalerta.com.br\/index.php\/wp-json\/wp\/v2\/users\/2"}],"replies":[{"embeddable":true,"href":"https:\/\/www.portalalerta.com.br\/index.php\/wp-json\/wp\/v2\/comments?post=35077"}],"version-history":[{"count":1,"href":"https:\/\/www.portalalerta.com.br\/index.php\/wp-json\/wp\/v2\/posts\/35077\/revisions"}],"predecessor-version":[{"id":35083,"href":"https:\/\/www.portalalerta.com.br\/index.php\/wp-json\/wp\/v2\/posts\/35077\/revisions\/35083"}],"wp:featuredmedia":[{"embeddable":true,"href":"https:\/\/www.portalalerta.com.br\/index.php\/wp-json\/wp\/v2\/media\/32710"}],"wp:attachment":[{"href":"https:\/\/www.portalalerta.com.br\/index.php\/wp-json\/wp\/v2\/media?parent=35077"}],"wp:term":[{"taxonomy":"category","embeddable":true,"href":"https:\/\/www.portalalerta.com.br\/index.php\/wp-json\/wp\/v2\/categories?post=35077"},{"taxonomy":"post_tag","embeddable":true,"href":"https:\/\/www.portalalerta.com.br\/index.php\/wp-json\/wp\/v2\/tags?post=35077"}],"curies":[{"name":"wp","href":"https:\/\/api.w.org\/{rel}","templated":true}]}}