{"id":35085,"date":"2021-05-10T21:11:06","date_gmt":"2021-05-11T00:11:06","guid":{"rendered":"https:\/\/www.portalalerta.com.br\/?p=35085"},"modified":"2021-05-10T21:11:10","modified_gmt":"2021-05-11T00:11:10","slug":"butantan-entrega-mais-2-milhoes-de-doses-da-coronavac-ao-ministerio-da-saude","status":"publish","type":"post","link":"https:\/\/www.portalalerta.com.br\/index.php\/2021\/05\/10\/butantan-entrega-mais-2-milhoes-de-doses-da-coronavac-ao-ministerio-da-saude\/","title":{"rendered":"Butantan entrega mais 2 milh\u00f5es de doses da Coronavac ao Minist\u00e9rio da Sa\u00fade"},"content":{"rendered":"\n<p>Um novo lote de 2 milh\u00f5es de doses da vacina Coronavac, desenvolvida pelo laborat\u00f3rio chin\u00eas Sinovac e produzida, no Brasil, pelo Instituto Butantan, foi entregue na manh\u00e3 desta segunda-feira (10) ao Minist\u00e9rio da Sa\u00fade.<\/p>\n\n\n\n<!--more-->\n\n\n\n<p>Com a entrega das vacinas nesta segunda, o total de unidades da Coronavac repassadas pelo governo de SP ao Minist\u00e9rio da Sa\u00fade desde janeiro chega a 45,112 milh\u00f5es de doses. As doses ser\u00e3o encaminhadas ao PNI (Program Nacional de Imuniza\u00e7\u00f5es), para serem distribu\u00eddas proporcionalmente aos estados.<\/p>\n\n\n\n<p>A entrega faz parte de um lote de 5,1 milh\u00f5es de doses a ser entregue at\u00e9 o final desta semana. Na \u00faltima quinta-feira (6), houve uma entrega de 1 milh\u00e3o de doses e mais duas entregas s\u00e3o esperadas para esta semana: 1 milh\u00e3o de doses na quarta (12) e o restante at\u00e9 a sexta-feira (14).<\/p>\n\n\n\n<p>O governador de S\u00e3o Paulo, Jo\u00e3o Doria (PSDB), acompanhou a entrega ao lado do secret\u00e1rio estadual da sa\u00fade, Jean Gorinchteyn, e do diretor do Butantan, Dimas Tadeu Covas.<\/p>\n\n\n\n<div class=\"wp-block-image\"><figure class=\"aligncenter size-large\"><img fetchpriority=\"high\" decoding=\"async\" width=\"720\" height=\"181\" src=\"https:\/\/www.portalalerta.com.br\/wp-content\/uploads\/2018\/02\/Auto-Escola-Nobre.jpg\" alt=\"\" class=\"wp-image-4869\" srcset=\"https:\/\/www.portalalerta.com.br\/wp-content\/uploads\/2018\/02\/Auto-Escola-Nobre.jpg 720w, https:\/\/www.portalalerta.com.br\/wp-content\/uploads\/2018\/02\/Auto-Escola-Nobre-260x65.jpg 260w, https:\/\/www.portalalerta.com.br\/wp-content\/uploads\/2018\/02\/Auto-Escola-Nobre-50x13.jpg 50w, https:\/\/www.portalalerta.com.br\/wp-content\/uploads\/2018\/02\/Auto-Escola-Nobre-150x38.jpg 150w\" sizes=\"(max-width: 720px) 100vw, 720px\" \/><\/figure><\/div>\n\n\n\n<p>O cronograma inicial do instituto previa a entrega de 30 milh\u00f5es de doses ainda no m\u00eas de maio. Contudo, o atraso no envio dos lotes de IFA (ingrediente farmac\u00eautico ativo) coloca em xeque essa expectativa. As autoridades chinesas dividiram um lote de 6.000 litros de IFA, suficientes para a produ\u00e7\u00e3o de 15 milh\u00f5es de doses, em tr\u00eas remessas.<\/p>\n\n\n\n<p>O Butantan aguarda at\u00e9 a pr\u00f3xima quarta-feira uma posi\u00e7\u00e3o do governo chin\u00eas para a libera\u00e7\u00e3o do embarque de um lote de IFA, cuja chegada, se autorizada, ser\u00e1 no pr\u00f3ximo dia 18.<\/p>\n\n\n\n<p>O diretor do Butantan confirmou a possibilidade de, ap\u00f3s a entrega de doses desta semana, n\u00e3o haver mais mat\u00e9ria-prima para produzir novas doses.<\/p>\n\n\n\n<p>&#8220;Temos para maio a entrega das doses desta semana e a partir da\u00ed n\u00e3o teremos mais vacinas porque n\u00e3o recebemos o IFA&#8221;, afirmou Covas, que disse ainda que o Butantan e o governo de SP t\u00eam trabalhado intensamente com a Sinovac e com a Embaixada da China no Brasil, mas que a situa\u00e7\u00e3o n\u00e3o apresentou mudan\u00e7a at\u00e9 o momento.<\/p>\n\n\n\n<p>A falta de mat\u00e9ria-prima no pa\u00eds para produzir a Coronavac gerou desabastecimento em diversas cidades. Mais da metade das capitais ficou sem estoque para a 2\u00aa dose da vacina no domingo (2).<\/p>\n\n\n\n<p>Na \u00faltima semana, o presidente Jair Bolsonaro (sem partido) fez diversos ataques \u00e0 China. Bolsonaro falou em guerra qu\u00edmica na \u00faltima quarta-feira (5) e levantou d\u00favidas sobre poss\u00edveis interesses pol\u00edticos e econ\u00f4micos da China com o v\u00edrus. &#8220;Qual o pa\u00eds que mais cresceu o PIB? N\u00e3o vou dizer para voc\u00eas.&#8221;<\/p>\n\n\n\n<p>Um dia depois, o porta-voz do Minist\u00e9rio de Rela\u00e7\u00f5es Exteriores chin\u00eas, Wang Wenbin, disse se opor a &#8220;qualquer tentativa pol\u00edtica de estigmatizar o v\u00edrus&#8221;.<\/p>\n\n\n\n<p>Doria criticou novamente as declara\u00e7\u00f5es do presidente \u00e0 China e disse que tanto o ministro das Rela\u00e7\u00f5es Exteriores, Carlos Alberto Franco Fran\u00e7a, quanto os pr\u00f3prios secret\u00e1rios e governadores de estado est\u00e3o conversando diariamente com a Embaixada Chinesa para tentar minimizar os danos e fazer a costura diplom\u00e1tica.<\/p>\n\n\n\n<p>&#8220;H\u00e1 uma limita\u00e7\u00e3o determinada pelo governo da China dadas as circunst\u00e2ncias das constantes manifesta\u00e7\u00f5es inapropriadas, inadequadas e absolutamente inoportunas do governo brasileiro&#8221;, disse o governador, ressaltando ainda que Carlos Fran\u00e7a faz um esfor\u00e7o para o di\u00e1logo, mas que &#8220;h\u00e1 um esfor\u00e7o contr\u00e1rio de manifesta\u00e7\u00f5es conduzidas e lideradas pelo pr\u00f3prio presidente da Rep\u00fablica, o que torna tudo mais dif\u00edcil&#8221;.<\/p>\n\n\n\n<p>Doria afirmou que a Sinovac tamb\u00e9m fornece vacina para o Chile e que no pa\u00eds sul-americano n\u00e3o h\u00e1 problemas com a entrega dos insumos. &#8220;Por que n\u00e3o \u00e9 para o Brasil? Raz\u00f5es de ordem diplom\u00e1tica e sobretudo, infelizmente, as manifesta\u00e7\u00f5es desastrosas que s\u00e3o feitas em rela\u00e7\u00e3o ao governo da China&#8221;, disse.<\/p>\n\n\n\n<p>Com isso, o acordo de at\u00e9 100 milh\u00f5es de doses at\u00e9 setembro, antes previsto at\u00e9 agosto, pode sofrer altera\u00e7\u00f5es. O governo de SP afirmou ainda que houve um di\u00e1logo inicial com o governo federal para um aditivo de 30 milh\u00f5es de doses ap\u00f3s a entrega dos 100 milh\u00f5es de doses iniciais, mas esse interesse n\u00e3o foi ainda fechado.<\/p>\n\n\n\n<p>A vacina contra a Covid-19 \u00e9 hoje a principal ferramenta para impedir o agravamento dos casos graves e novas hospitaliza\u00e7\u00f5es, al\u00e9m do distanciamento social e do uso de m\u00e1scaras. O n\u00famero de mortos por Covid no Brasil ultrapassou a marca de 422 mil no \u00faltimo domingo (9).<\/p>\n\n\n\n<p>A m\u00e9dia m\u00f3vel de \u00f3bitos na \u00faltima semana continua elevada, acima de 2.000 nos \u00faltimos 53 dias; esse n\u00famero foi de 2.092 no \u00faltimo domingo.<\/p>\n\n\n\n<p>Mesmo com os elevados n\u00fameros de \u00f3bitos, o Brasil entrou em um est\u00e1gio de estabiliza\u00e7\u00e3o do n\u00famero de novos casos, e n\u00e3o mais a ascens\u00e3o. No entanto, ainda segue como um dos maiores no mundo.<\/p>\n\n\n\n<p>Embora a pandemia no pa\u00eds esteja est\u00e1vel, diversos especialistas afirmam que o plat\u00f4 est\u00e1 muito alto, e a leve queda nos \u00edndices j\u00e1 apresenta sinais de uma &#8220;estabilidade alta&#8221;.<\/p>\n\n\n\n<p>No estado de SP, as taxas de ocupa\u00e7\u00e3o de leitos de UTI e de enfermaria deixaram de cair ap\u00f3s dois meses de queda e agora apresentam estabilidade -um est\u00e1gio mais fr\u00e1gil para manter o controle do v\u00edrus e sujeito a novos aumentos.<\/p>\n\n\n\n<p><em>Fonte: Yahoo Not\u00edcias<\/em><\/p>\n","protected":false},"excerpt":{"rendered":"<p>Um novo lote de 2 milh\u00f5es de doses da vacina Coronavac, desenvolvida pelo laborat\u00f3rio chin\u00eas Sinovac e produzida, no Brasil, pelo Instituto Butantan, foi entregue na manh\u00e3 desta segunda-feira (10) ao Minist\u00e9rio da Sa\u00fade.<\/p>\n","protected":false},"author":2,"featured_media":23258,"comment_status":"open","ping_status":"open","sticky":false,"template":"","format":"standard","meta":{"om_disable_all_campaigns":false,"_monsterinsights_skip_tracking":false,"_monsterinsights_sitenote_active":false,"_monsterinsights_sitenote_note":"","_monsterinsights_sitenote_category":0,"footnotes":""},"categories":[34,70,69,19],"tags":[93,3960,3429,3486,3837,61,3570],"class_list":["post-35085","post","type-post","status-publish","format-standard","has-post-thumbnail","hentry","category-brasil","category-destaques","category-noticias2","category-saude","tag-brasil","tag-coronavac","tag-coronavirus","tag-covid-19","tag-instituto-butantan","tag-saude","tag-vacina"],"aioseo_notices":[],"_links":{"self":[{"href":"https:\/\/www.portalalerta.com.br\/index.php\/wp-json\/wp\/v2\/posts\/35085","targetHints":{"allow":["GET"]}}],"collection":[{"href":"https:\/\/www.portalalerta.com.br\/index.php\/wp-json\/wp\/v2\/posts"}],"about":[{"href":"https:\/\/www.portalalerta.com.br\/index.php\/wp-json\/wp\/v2\/types\/post"}],"author":[{"embeddable":true,"href":"https:\/\/www.portalalerta.com.br\/index.php\/wp-json\/wp\/v2\/users\/2"}],"replies":[{"embeddable":true,"href":"https:\/\/www.portalalerta.com.br\/index.php\/wp-json\/wp\/v2\/comments?post=35085"}],"version-history":[{"count":1,"href":"https:\/\/www.portalalerta.com.br\/index.php\/wp-json\/wp\/v2\/posts\/35085\/revisions"}],"predecessor-version":[{"id":35089,"href":"https:\/\/www.portalalerta.com.br\/index.php\/wp-json\/wp\/v2\/posts\/35085\/revisions\/35089"}],"wp:featuredmedia":[{"embeddable":true,"href":"https:\/\/www.portalalerta.com.br\/index.php\/wp-json\/wp\/v2\/media\/23258"}],"wp:attachment":[{"href":"https:\/\/www.portalalerta.com.br\/index.php\/wp-json\/wp\/v2\/media?parent=35085"}],"wp:term":[{"taxonomy":"category","embeddable":true,"href":"https:\/\/www.portalalerta.com.br\/index.php\/wp-json\/wp\/v2\/categories?post=35085"},{"taxonomy":"post_tag","embeddable":true,"href":"https:\/\/www.portalalerta.com.br\/index.php\/wp-json\/wp\/v2\/tags?post=35085"}],"curies":[{"name":"wp","href":"https:\/\/api.w.org\/{rel}","templated":true}]}}