{"id":35087,"date":"2021-05-10T21:30:15","date_gmt":"2021-05-11T00:30:15","guid":{"rendered":"https:\/\/www.portalalerta.com.br\/?p=35087"},"modified":"2021-05-10T21:30:17","modified_gmt":"2021-05-11T00:30:17","slug":"traficantes-e-seguranca-do-atakarejo-sao-presos-durante-operacao","status":"publish","type":"post","link":"https:\/\/www.portalalerta.com.br\/index.php\/2021\/05\/10\/traficantes-e-seguranca-do-atakarejo-sao-presos-durante-operacao\/","title":{"rendered":"Traficantes e seguran\u00e7a do Atakarejo s\u00e3o presos durante opera\u00e7\u00e3o"},"content":{"rendered":"\n<p>Al\u00e9m das ordens de pris\u00e3o, mandados de busca e apreens\u00e3o est\u00e3o sendo cumpridos em resid\u00eancias e no supermercado, durante a opera\u00e7\u00e3o<\/p>\n\n\n\n<!--more-->\n\n\n\n<p>Um seguran\u00e7a do Atakarejo e tr\u00eas traficantes do Nordeste de Amaralina foram capturados pela Pol\u00edcia Civil na manh\u00e3 desta segunda-feira (10). A entidade afirmou que al\u00e9m das ordens de pris\u00e3o, mandados de busca e apreens\u00e3o est\u00e3o sendo cumpridos em resid\u00eancias e no supermercado, durante a opera\u00e7\u00e3o.<\/p>\n\n\n\n<div data-mvc-banner=\"leaderboard\"><\/div><script type=\"text\/javascript\"> (function(storeName) { var b = document.createElement('script'); b.type = 'text\/javascript'; b.async = true; b.src = 'https:\/\/www.magazinevoce.com.br\/js\/banner.js?store='+ storeName; var s = document.getElementsByTagName('script')[0]; s.parentNode.insertBefore(b, s); })('Nvscosta'); <\/script>\n\n\n\n<p>A for\u00e7a-tarefa \u00e9 referente aos\u00a0<a rel=\"noreferrer noopener\" href=\"https:\/\/www.portalalerta.com.br\/index.php\/2021\/05\/03\/policia-analisa-imagens-de-seguranca-do-atakarejo-em-investigacao-de-mortes\/\" target=\"_blank\"><strong>assassinatos de Bruno Barros, de 19 anos, e seu tio, Yan Barros, de 29<\/strong><\/a>, encontrados mortos em 26 de abril, com sinais de tortura. Horas antes, eles foram pegos por seguran\u00e7as do supermercado Atakad\u00e3o Atakarejo, acusados de furtar carne no estabelecimento. A fam\u00edlia acredita que eles foram entregues pelos funcion\u00e1rios do mercado a traficantes do bairro, que os teriam assassinado.<\/p>\n\n\n\n<p>As pris\u00f5es acontecem ap\u00f3s\u00a0o Minist\u00e9rio P\u00fablico da Bahia (MP-BA) receber, na \u00faltima sexta-feira (7), pedidos de medidas cautelares, provenientes do inqu\u00e9rito policial. Segundo a delegada respons\u00e1vel pela investiga\u00e7\u00e3o do caso, Zaira Pimentel, provas est\u00e3o sendo colhidas atrav\u00e9s dos computadores, documentos e outros eletr\u00f4nicos. As a\u00e7\u00f5es ocorrem simultaneamente nos bairros de Nordeste de Amaralina, Mata Escura, Fazenda Coutos e no munic\u00edpio de Concei\u00e7\u00e3o de Jacu\u00edpe.<\/p>\n\n\n\n<p>Participam da opera\u00e7\u00e3o equipes dos Departamentos de Homic\u00eddios e Prote\u00e7\u00e3o a Pessoa (DHPP), de Repress\u00e3o e Combate ao Crime Organizado (Draco), de Intelig\u00eancia Policial (DIP), de Crimes Contra o Patrim\u00f4nio (DCCP), de Pol\u00edcia Metropolitana (Depom), al\u00e9m da Coordena\u00e7\u00e3o de Opera\u00e7\u00f5es da Pol\u00edcia Civil, da Coordena\u00e7\u00f5es de Opera\u00e7\u00f5es Especiais (COE), do Graer da Rondesp Atl\u00e2ntico, 40a CIPM, SI da SSP e DPT.<\/p>\n\n\n\n<p><em>Fonte: Metro1<\/em><\/p>\n","protected":false},"excerpt":{"rendered":"<p>Al\u00e9m das ordens de pris\u00e3o, mandados de busca e apreens\u00e3o est\u00e3o sendo cumpridos em resid\u00eancias e no supermercado, durante a opera\u00e7\u00e3o<\/p>\n","protected":false},"author":2,"featured_media":35091,"comment_status":"open","ping_status":"open","sticky":false,"template":"","format":"standard","meta":{"om_disable_all_campaigns":false,"_monsterinsights_skip_tracking":false,"_monsterinsights_sitenote_active":false,"_monsterinsights_sitenote_note":"","_monsterinsights_sitenote_category":0,"footnotes":""},"categories":[33,70,69,22],"tags":[4490,54,2074,439,104,110,330,1858,1003],"class_list":["post-35087","post","type-post","status-publish","format-standard","has-post-thumbnail","hentry","category-bahia","category-destaques","category-noticias2","category-seguranca","tag-atakarejo","tag-bahia","tag-homicidios","tag-mortes","tag-policia","tag-presos","tag-salvador","tag-segurancas","tag-traficantes"],"aioseo_notices":[],"_links":{"self":[{"href":"https:\/\/www.portalalerta.com.br\/index.php\/wp-json\/wp\/v2\/posts\/35087","targetHints":{"allow":["GET"]}}],"collection":[{"href":"https:\/\/www.portalalerta.com.br\/index.php\/wp-json\/wp\/v2\/posts"}],"about":[{"href":"https:\/\/www.portalalerta.com.br\/index.php\/wp-json\/wp\/v2\/types\/post"}],"author":[{"embeddable":true,"href":"https:\/\/www.portalalerta.com.br\/index.php\/wp-json\/wp\/v2\/users\/2"}],"replies":[{"embeddable":true,"href":"https:\/\/www.portalalerta.com.br\/index.php\/wp-json\/wp\/v2\/comments?post=35087"}],"version-history":[{"count":1,"href":"https:\/\/www.portalalerta.com.br\/index.php\/wp-json\/wp\/v2\/posts\/35087\/revisions"}],"predecessor-version":[{"id":35092,"href":"https:\/\/www.portalalerta.com.br\/index.php\/wp-json\/wp\/v2\/posts\/35087\/revisions\/35092"}],"wp:featuredmedia":[{"embeddable":true,"href":"https:\/\/www.portalalerta.com.br\/index.php\/wp-json\/wp\/v2\/media\/35091"}],"wp:attachment":[{"href":"https:\/\/www.portalalerta.com.br\/index.php\/wp-json\/wp\/v2\/media?parent=35087"}],"wp:term":[{"taxonomy":"category","embeddable":true,"href":"https:\/\/www.portalalerta.com.br\/index.php\/wp-json\/wp\/v2\/categories?post=35087"},{"taxonomy":"post_tag","embeddable":true,"href":"https:\/\/www.portalalerta.com.br\/index.php\/wp-json\/wp\/v2\/tags?post=35087"}],"curies":[{"name":"wp","href":"https:\/\/api.w.org\/{rel}","templated":true}]}}