{"id":35088,"date":"2021-05-10T21:36:40","date_gmt":"2021-05-11T00:36:40","guid":{"rendered":"https:\/\/www.portalalerta.com.br\/?p=35088"},"modified":"2021-05-10T21:36:42","modified_gmt":"2021-05-11T00:36:42","slug":"ribeira-do-pombal-ba-prepara-memorial-sobre-historia-e-cultura","status":"publish","type":"post","link":"https:\/\/www.portalalerta.com.br\/index.php\/2021\/05\/10\/ribeira-do-pombal-ba-prepara-memorial-sobre-historia-e-cultura\/","title":{"rendered":"Ribeira do Pombal-BA prepara memorial sobre hist\u00f3ria e cultura"},"content":{"rendered":"\n<p>O Departamento Municipal de Cultura \u2013 DEMUC prepara um memorial hist\u00f3rico para Ribeira do Pombal-BA. O \u00f3rg\u00e3o funcionar\u00e1 como um museu, aberto \u00e0 popula\u00e7\u00e3o e vai reunir um acervo com fotos, objetos e instrumentos para retratar o dia a dia e os principais fatos que marcaram a vida dos pombalenses no decorrer dos mais de 300 anos de hist\u00f3ria, desde o in\u00edcio do povoamento que veio a se tornar um dos principais munic\u00edpios da regi\u00e3o nordeste da Bahia.<\/p>\n\n\n\n<!--more-->\n\n\n\n<div class=\"wp-block-image\"><figure class=\"alignleft size-large is-resized\"><img fetchpriority=\"high\" decoding=\"async\" src=\"https:\/\/www.portalalerta.com.br\/wp-content\/uploads\/2021\/04\/ELAB.jpg\" alt=\"\" class=\"wp-image-34795\" width=\"316\" height=\"252\" srcset=\"https:\/\/www.portalalerta.com.br\/wp-content\/uploads\/2021\/04\/ELAB.jpg 1000w, https:\/\/www.portalalerta.com.br\/wp-content\/uploads\/2021\/04\/ELAB-300x240.jpg 300w, https:\/\/www.portalalerta.com.br\/wp-content\/uploads\/2021\/04\/ELAB-768x614.jpg 768w, https:\/\/www.portalalerta.com.br\/wp-content\/uploads\/2021\/04\/ELAB-183x146.jpg 183w, https:\/\/www.portalalerta.com.br\/wp-content\/uploads\/2021\/04\/ELAB-50x40.jpg 50w, https:\/\/www.portalalerta.com.br\/wp-content\/uploads\/2021\/04\/ELAB-94x75.jpg 94w\" sizes=\"(max-width: 316px) 100vw, 316px\" \/><\/figure><\/div>\n\n\n\n<p>O projeto de ter um espa\u00e7o onde esteja registrada a hist\u00f3ria do munic\u00edpio \u00e9 um sonho antigo da popula\u00e7\u00e3o que come\u00e7ou a ser viabilizado quando a C\u00e2mara de Vereadores criou o primeiro Memorial em 2014 e, h\u00e1 dois anos, quando a Prefeitura inaugurou o Centro Municipal de Cultura. O Memorial da Cidade ser\u00e1 instalado no Centro de Cultura, na Pra\u00e7a da Juventude, e segundo o diretor de Cultura Osvaldo Rocha, <strong><em>\u201cser\u00e1 um memorial contando a hist\u00f3ria da cidade com aspectos pol\u00edticos, sociais, culturais e econ\u00f4micos\u201d<\/em><\/strong>.<\/p>\n\n\n\n<p>O prefeito Eriksson informou que o Memorial j\u00e1 foi criado oficialmente atrav\u00e9s de lei, e que o governo municipal pretende inaugur\u00e1-lo j\u00e1 em setembro 2021, aproveitando o acervo do antigo memorial da C\u00e2mara que foi cedido pelo Poder Legislativo. <strong><em>\u201cJ\u00e1 estamos encaminhando o processo de integra\u00e7\u00e3o ao Sistema Nacional de Museus e Memoriais e em breve nosso povo ter\u00e1 mais um orgulho em poder contar com um espa\u00e7o definitivo onde nossa hist\u00f3ria esteja registrada para a posteridade\u201d<\/em><\/strong>, disse Eriksson.<\/p>\n\n\n\n<p><em>Fonte: Yahoo Not\u00edcias<\/em><\/p>\n","protected":false},"excerpt":{"rendered":"<p>O Departamento Municipal de Cultura \u2013 DEMUC prepara um memorial hist\u00f3rico para Ribeira do Pombal-BA. O \u00f3rg\u00e3o funcionar\u00e1 como um museu, aberto \u00e0 popula\u00e7\u00e3o e vai reunir um acervo com fotos, objetos e instrumentos para retratar o dia a dia e os principais fatos que marcaram a vida dos pombalenses no decorrer dos mais de &hellip;<\/p>\n","protected":false},"author":2,"featured_media":35093,"comment_status":"open","ping_status":"open","sticky":false,"template":"","format":"standard","meta":{"om_disable_all_campaigns":false,"_monsterinsights_skip_tracking":false,"_monsterinsights_sitenote_active":false,"_monsterinsights_sitenote_note":"","_monsterinsights_sitenote_category":0,"footnotes":""},"categories":[70,69,32,3],"tags":[1031,1491,47],"class_list":["post-35088","post","type-post","status-publish","format-standard","has-post-thumbnail","hentry","category-destaques","category-noticias2","category-regiao","category-ribeira-do-pombal","tag-cultura","tag-memorial","tag-ribeira-do-pombal"],"aioseo_notices":[],"_links":{"self":[{"href":"https:\/\/www.portalalerta.com.br\/index.php\/wp-json\/wp\/v2\/posts\/35088","targetHints":{"allow":["GET"]}}],"collection":[{"href":"https:\/\/www.portalalerta.com.br\/index.php\/wp-json\/wp\/v2\/posts"}],"about":[{"href":"https:\/\/www.portalalerta.com.br\/index.php\/wp-json\/wp\/v2\/types\/post"}],"author":[{"embeddable":true,"href":"https:\/\/www.portalalerta.com.br\/index.php\/wp-json\/wp\/v2\/users\/2"}],"replies":[{"embeddable":true,"href":"https:\/\/www.portalalerta.com.br\/index.php\/wp-json\/wp\/v2\/comments?post=35088"}],"version-history":[{"count":1,"href":"https:\/\/www.portalalerta.com.br\/index.php\/wp-json\/wp\/v2\/posts\/35088\/revisions"}],"predecessor-version":[{"id":35094,"href":"https:\/\/www.portalalerta.com.br\/index.php\/wp-json\/wp\/v2\/posts\/35088\/revisions\/35094"}],"wp:featuredmedia":[{"embeddable":true,"href":"https:\/\/www.portalalerta.com.br\/index.php\/wp-json\/wp\/v2\/media\/35093"}],"wp:attachment":[{"href":"https:\/\/www.portalalerta.com.br\/index.php\/wp-json\/wp\/v2\/media?parent=35088"}],"wp:term":[{"taxonomy":"category","embeddable":true,"href":"https:\/\/www.portalalerta.com.br\/index.php\/wp-json\/wp\/v2\/categories?post=35088"},{"taxonomy":"post_tag","embeddable":true,"href":"https:\/\/www.portalalerta.com.br\/index.php\/wp-json\/wp\/v2\/tags?post=35088"}],"curies":[{"name":"wp","href":"https:\/\/api.w.org\/{rel}","templated":true}]}}