{"id":35095,"date":"2021-05-11T22:22:00","date_gmt":"2021-05-12T01:22:00","guid":{"rendered":"https:\/\/www.portalalerta.com.br\/?p=35095"},"modified":"2021-05-11T22:22:03","modified_gmt":"2021-05-12T01:22:03","slug":"deputado-baiano-nega-esquema-com-bolsonaro-e-atribui-recursos-a-empenho-individual","status":"publish","type":"post","link":"https:\/\/www.portalalerta.com.br\/index.php\/2021\/05\/11\/deputado-baiano-nega-esquema-com-bolsonaro-e-atribui-recursos-a-empenho-individual\/","title":{"rendered":"Deputado baiano nega esquema com Bolsonaro e atribui recursos a &#8220;empenho individual&#8221;"},"content":{"rendered":"\n<p>O deputado federal Cl\u00e1udio Cajado (PP-BA), citado na reportagem sobre o &#8220;tratora\u00e7o&#8221;, disse em nota, que n\u00e3o existe nenhuma negocia\u00e7\u00e3o de apoio em troca de verbas que seriam origin\u00e1rias de um \u201cor\u00e7amento secreto\u201d do governo federal, ou que tenham responsabilidade sobre eventual compra superfaturada realizada com esse dinheiro.<\/p>\n\n\n\n<!--more-->\n\n\n\n<div class=\"wp-block-image\"><figure class=\"aligncenter size-large\"><img fetchpriority=\"high\" decoding=\"async\" width=\"720\" height=\"181\" src=\"https:\/\/www.portalalerta.com.br\/wp-content\/uploads\/2018\/02\/Auto-Escola-Nobre.jpg\" alt=\"\" class=\"wp-image-4869\" srcset=\"https:\/\/www.portalalerta.com.br\/wp-content\/uploads\/2018\/02\/Auto-Escola-Nobre.jpg 720w, https:\/\/www.portalalerta.com.br\/wp-content\/uploads\/2018\/02\/Auto-Escola-Nobre-260x65.jpg 260w, https:\/\/www.portalalerta.com.br\/wp-content\/uploads\/2018\/02\/Auto-Escola-Nobre-50x13.jpg 50w, https:\/\/www.portalalerta.com.br\/wp-content\/uploads\/2018\/02\/Auto-Escola-Nobre-150x38.jpg 150w\" sizes=\"(max-width: 720px) 100vw, 720px\" \/><\/figure><\/div>\n\n\n\n<p>Em reportagem do jornal O Estado de S. Paulo, o deputado baiano foi citado junto ao colega Charles Fernandes \u2014\u00a0que tamb\u00e9m negou as afirma\u00e7\u00f5es\u00a0\u2014 em um suposto esquema realizado pelo governo Jair Bolsonaro (sem partido) para aumentar seu apoio no Congresso.\u00a0<\/p>\n\n\n\n<p>Cajado afirmou ter indicado R$ 12 milh\u00f5es em cota autorizada pela Secretaria de Governo da Presid\u00eancia da Rep\u00fablica (Segov), ent\u00e3o comandada pelo general Luiz Eduardo Ramos. O parlamentar disse que apoia o governo do Presidente Jair Bolsonaro, como vice-l\u00edder, e <strong><em>&#8220;caso tenha conseguido mais recursos que outros deputados e senadores o fato se deve somente ao seu empenho individual&#8221;<\/em><\/strong>.<\/p>\n\n\n\n<p><em>Fonte: Metro1<\/em><\/p>\n","protected":false},"excerpt":{"rendered":"<p>O deputado federal Cl\u00e1udio Cajado (PP-BA), citado na reportagem sobre o &#8220;tratora\u00e7o&#8221;, disse em nota, que n\u00e3o existe nenhuma negocia\u00e7\u00e3o de apoio em troca de verbas que seriam origin\u00e1rias de um \u201cor\u00e7amento secreto\u201d do governo federal, ou que tenham responsabilidade sobre eventual compra superfaturada realizada com esse dinheiro.<\/p>\n","protected":false},"author":2,"featured_media":35099,"comment_status":"open","ping_status":"open","sticky":false,"template":"","format":"standard","meta":{"om_disable_all_campaigns":false,"_monsterinsights_skip_tracking":false,"_monsterinsights_sitenote_active":false,"_monsterinsights_sitenote_note":"","_monsterinsights_sitenote_category":0,"footnotes":""},"categories":[33,34,70,69,21],"tags":[54,93,4491,215,1116,4492],"class_list":["post-35095","post","type-post","status-publish","format-standard","has-post-thumbnail","hentry","category-bahia","category-brasil","category-destaques","category-noticias2","category-politica","tag-bahia","tag-brasil","tag-claudio-cajado","tag-deputado-federal","tag-pp","tag-tratoraco"],"aioseo_notices":[],"_links":{"self":[{"href":"https:\/\/www.portalalerta.com.br\/index.php\/wp-json\/wp\/v2\/posts\/35095","targetHints":{"allow":["GET"]}}],"collection":[{"href":"https:\/\/www.portalalerta.com.br\/index.php\/wp-json\/wp\/v2\/posts"}],"about":[{"href":"https:\/\/www.portalalerta.com.br\/index.php\/wp-json\/wp\/v2\/types\/post"}],"author":[{"embeddable":true,"href":"https:\/\/www.portalalerta.com.br\/index.php\/wp-json\/wp\/v2\/users\/2"}],"replies":[{"embeddable":true,"href":"https:\/\/www.portalalerta.com.br\/index.php\/wp-json\/wp\/v2\/comments?post=35095"}],"version-history":[{"count":1,"href":"https:\/\/www.portalalerta.com.br\/index.php\/wp-json\/wp\/v2\/posts\/35095\/revisions"}],"predecessor-version":[{"id":35100,"href":"https:\/\/www.portalalerta.com.br\/index.php\/wp-json\/wp\/v2\/posts\/35095\/revisions\/35100"}],"wp:featuredmedia":[{"embeddable":true,"href":"https:\/\/www.portalalerta.com.br\/index.php\/wp-json\/wp\/v2\/media\/35099"}],"wp:attachment":[{"href":"https:\/\/www.portalalerta.com.br\/index.php\/wp-json\/wp\/v2\/media?parent=35095"}],"wp:term":[{"taxonomy":"category","embeddable":true,"href":"https:\/\/www.portalalerta.com.br\/index.php\/wp-json\/wp\/v2\/categories?post=35095"},{"taxonomy":"post_tag","embeddable":true,"href":"https:\/\/www.portalalerta.com.br\/index.php\/wp-json\/wp\/v2\/tags?post=35095"}],"curies":[{"name":"wp","href":"https:\/\/api.w.org\/{rel}","templated":true}]}}