{"id":35097,"date":"2021-05-11T22:53:12","date_gmt":"2021-05-12T01:53:12","guid":{"rendered":"https:\/\/www.portalalerta.com.br\/?p=35097"},"modified":"2021-05-11T22:53:14","modified_gmt":"2021-05-12T01:53:14","slug":"criminosos-invadem-casa-e-realizam-roubo-na-zona-rural-de-ribeira-do-pombal-ba-um-dos-assaltantes-foi-preso","status":"publish","type":"post","link":"https:\/\/www.portalalerta.com.br\/index.php\/2021\/05\/11\/criminosos-invadem-casa-e-realizam-roubo-na-zona-rural-de-ribeira-do-pombal-ba-um-dos-assaltantes-foi-preso\/","title":{"rendered":"Criminosos invadem casa, e realizam roubo na zona rural de Ribeira do Pombal-BA. Um dos assaltantes foi preso!"},"content":{"rendered":"\n<p>Por volta das 22:00hs da \u00faltima segunda-feira (10), tr\u00eas criminosos invadiram uma casa situada na Fazenda Macambira, zona rural de Ribeira do Pombal-BA.<\/p>\n\n\n\n<!--more-->\n\n\n\n<p>Na ocasi\u00e3o, os criminosos entraram na casa pela porta dos fundos. Todos portando arma de fogo, sendo dois rev\u00f3lveres e uma pistola, amarraram o propriet\u00e1rio da casa, dando sequ\u00eancia ao crime. Foram subtra\u00eddos da resid\u00eancia: uma quantia de R$ 9.000,00 em esp\u00e9cie, 01 espingarda de press\u00e3o com silenciador, 01 notebook (Lenovo), 01 tablet (SAMSUNG), 01 rifle cal. 22 (com o registro), 03 aparelhos celulares, 02 rel\u00f3gios de pulso, 02 pulseiras de prata, 01 corrente de ouro com cristal, 01 ve\u00edculo GM Spin de cor azul, 01 carteira porta c\u00e9dulas contendo documentos pessoais e cart\u00f5es de cr\u00e9dito, e uma cole\u00e7\u00e3o de moedas antigas.<\/p>\n\n\n\n<p>Na sequ\u00eancia, o trio fugiu sentido a sede do munic\u00edpio.<\/p>\n\n\n\n<p><strong>Pris\u00e3o<\/strong><\/p>\n\n\n\n<p>O crime foi informado aos policiais militares da cidade, que passaram a realizar buscas na regi\u00e3o. No momento em que se encontravam na Estrada da Fazenda \u00c1rvore, os militares abordaram um rapaz que estava a bordo de uma motocicleta Honda CG, que ap\u00f3s ter os dados consultados foi constatado que o ve\u00edculo estava com os dados identificadores adulterados.<\/p>\n\n\n\n<div class=\"wp-block-image\"><figure class=\"aligncenter size-large\"><img fetchpriority=\"high\" decoding=\"async\" width=\"720\" height=\"181\" src=\"https:\/\/www.portalalerta.com.br\/wp-content\/uploads\/2018\/02\/Auto-Escola-Nobre.jpg\" alt=\"\" class=\"wp-image-4869\" srcset=\"https:\/\/www.portalalerta.com.br\/wp-content\/uploads\/2018\/02\/Auto-Escola-Nobre.jpg 720w, https:\/\/www.portalalerta.com.br\/wp-content\/uploads\/2018\/02\/Auto-Escola-Nobre-260x65.jpg 260w, https:\/\/www.portalalerta.com.br\/wp-content\/uploads\/2018\/02\/Auto-Escola-Nobre-50x13.jpg 50w, https:\/\/www.portalalerta.com.br\/wp-content\/uploads\/2018\/02\/Auto-Escola-Nobre-150x38.jpg 150w\" sizes=\"(max-width: 720px) 100vw, 720px\" \/><\/figure><\/div>\n\n\n\n<p>Al\u00e9m disso, os policiais perceberam que o abordado tinha caracter\u00edsticas semelhantes \u00e0s de um dos criminosos envolvidos no roubo.<\/p>\n\n\n\n<p>Tanto a motocicleta, quanto o suspeito, foram conduzidos para a Delegacia de Pol\u00edcia Civil da cidade, onde foram apresentados para a ado\u00e7\u00e3o das medidas cab\u00edveis. Na manh\u00e3 desta ter\u00e7a-feira (11), a v\u00edtima reconheceu o rapaz como um dos envolvidos no assalto.<\/p>\n\n\n\n<p><strong>Ve\u00edculo recuperado<\/strong><\/p>\n\n\n\n<p>Tamb\u00e9m na manh\u00e3 desta ter\u00e7a-feira (11), policiais civis de Ribeira do Pombal-BA, foram para a regi\u00e3o onde ocorreu o crime, e quando se encontravam na localidade da Fazenda Cantagalo, encontraram o ve\u00edculo GM Spin, abandonado.<\/p>\n\n\n\n<p>O ve\u00edculo foi levado para o p\u00e1tio da Delegacia de Pol\u00edcia Civil, para a devida devolu\u00e7\u00e3o ao seu propriet\u00e1rio.<\/p>\n\n\n\n<p><em>Reda\u00e7\u00e3o: Portal Alerta<\/em><\/p>\n\n\n\n<p><strong><em>#fiqueemcasa<\/em><\/strong><\/p>\n\n\n\n<p><strong><em>#usemascaras<\/em><\/strong><\/p>\n","protected":false},"excerpt":{"rendered":"<p>Por volta das 22:00hs da \u00faltima segunda-feira (10), tr\u00eas criminosos invadiram uma casa situada na Fazenda Macambira, zona rural de Ribeira do Pombal-BA.<\/p>\n","protected":false},"author":2,"featured_media":35104,"comment_status":"open","ping_status":"open","sticky":false,"template":"","format":"standard","meta":{"om_disable_all_campaigns":false,"_monsterinsights_skip_tracking":false,"_monsterinsights_sitenote_active":false,"_monsterinsights_sitenote_note":"","_monsterinsights_sitenote_category":0,"footnotes":""},"categories":[70,69,32,3,22],"tags":[122,79,77,47,367,102,139],"class_list":["post-35097","post","type-post","status-publish","format-standard","has-post-thumbnail","hentry","category-destaques","category-noticias2","category-regiao","category-ribeira-do-pombal","category-seguranca","tag-policia-civil","tag-policia-militar","tag-preso","tag-ribeira-do-pombal","tag-roubo","tag-veiculo-recuperado","tag-zona-rural"],"aioseo_notices":[],"_links":{"self":[{"href":"https:\/\/www.portalalerta.com.br\/index.php\/wp-json\/wp\/v2\/posts\/35097","targetHints":{"allow":["GET"]}}],"collection":[{"href":"https:\/\/www.portalalerta.com.br\/index.php\/wp-json\/wp\/v2\/posts"}],"about":[{"href":"https:\/\/www.portalalerta.com.br\/index.php\/wp-json\/wp\/v2\/types\/post"}],"author":[{"embeddable":true,"href":"https:\/\/www.portalalerta.com.br\/index.php\/wp-json\/wp\/v2\/users\/2"}],"replies":[{"embeddable":true,"href":"https:\/\/www.portalalerta.com.br\/index.php\/wp-json\/wp\/v2\/comments?post=35097"}],"version-history":[{"count":1,"href":"https:\/\/www.portalalerta.com.br\/index.php\/wp-json\/wp\/v2\/posts\/35097\/revisions"}],"predecessor-version":[{"id":35105,"href":"https:\/\/www.portalalerta.com.br\/index.php\/wp-json\/wp\/v2\/posts\/35097\/revisions\/35105"}],"wp:featuredmedia":[{"embeddable":true,"href":"https:\/\/www.portalalerta.com.br\/index.php\/wp-json\/wp\/v2\/media\/35104"}],"wp:attachment":[{"href":"https:\/\/www.portalalerta.com.br\/index.php\/wp-json\/wp\/v2\/media?parent=35097"}],"wp:term":[{"taxonomy":"category","embeddable":true,"href":"https:\/\/www.portalalerta.com.br\/index.php\/wp-json\/wp\/v2\/categories?post=35097"},{"taxonomy":"post_tag","embeddable":true,"href":"https:\/\/www.portalalerta.com.br\/index.php\/wp-json\/wp\/v2\/tags?post=35097"}],"curies":[{"name":"wp","href":"https:\/\/api.w.org\/{rel}","templated":true}]}}