{"id":36397,"date":"2021-07-02T16:28:34","date_gmt":"2021-07-02T19:28:34","guid":{"rendered":"https:\/\/www.portalalerta.com.br\/?p=36397"},"modified":"2021-07-02T16:28:36","modified_gmt":"2021-07-02T19:28:36","slug":"sem-dinheiro-27-milhoes-de-brasileiros-deixaram-de-comer-na-pandemia","status":"publish","type":"post","link":"https:\/\/www.portalalerta.com.br\/index.php\/2021\/07\/02\/sem-dinheiro-27-milhoes-de-brasileiros-deixaram-de-comer-na-pandemia\/","title":{"rendered":"Sem dinheiro, 27 milh\u00f5es de brasileiros deixaram de comer na pandemia"},"content":{"rendered":"\n<p>Cerca de 27 milh\u00f5es de brasileiros com mais de 18 anos ficaram sem comer desde o in\u00edcio da pandemia, segundo dados do Fundo das Na\u00e7\u00f5es Unidas para a Inf\u00e2ncia (Unicef), divulgados nesta quarta-feira (30). A informa\u00e7\u00e3o faz parte da terceira rodada da pesquisa <strong>&#8220;Impactos Prim\u00e1rios e Secund\u00e1rios da Covid-19 em Crian\u00e7as e Adolescentes&#8221;<\/strong><\/p>\n\n\n\n<!--more-->\n\n\n\n<div class=\"wp-block-image\"><figure class=\"alignleft size-large is-resized\"><img fetchpriority=\"high\" decoding=\"async\" src=\"https:\/\/www.portalalerta.com.br\/wp-content\/uploads\/2021\/04\/ELAB.jpg\" alt=\"\" class=\"wp-image-34795\" width=\"290\" height=\"232\" srcset=\"https:\/\/www.portalalerta.com.br\/wp-content\/uploads\/2021\/04\/ELAB.jpg 1000w, https:\/\/www.portalalerta.com.br\/wp-content\/uploads\/2021\/04\/ELAB-300x240.jpg 300w, https:\/\/www.portalalerta.com.br\/wp-content\/uploads\/2021\/04\/ELAB-768x614.jpg 768w, https:\/\/www.portalalerta.com.br\/wp-content\/uploads\/2021\/04\/ELAB-183x146.jpg 183w, https:\/\/www.portalalerta.com.br\/wp-content\/uploads\/2021\/04\/ELAB-50x40.jpg 50w, https:\/\/www.portalalerta.com.br\/wp-content\/uploads\/2021\/04\/ELAB-94x75.jpg 94w\" sizes=\"(max-width: 290px) 100vw, 290px\" \/><\/figure><\/div>\n\n\n\n<p>Os participantes da pesquisa responderam se <strong><em>&#8220;desde o come\u00e7o da pandemia, ou seja, desde o Carnaval de 2020, voc\u00ea ou algu\u00e9m que mora com voc\u00ea deixou de comer porque n\u00e3o havia dinheiro para comprar mais comida&#8221;<\/em><\/strong>. Ao todo, 17% responderam que sim.<\/p>\n\n\n\n<p>A pesquisa tamb\u00e9m afirmou que 13% das pessoas que moram com crian\u00e7as ou adolescentes disseram que elas deixaram de comer durante a pandemia da covid-19 por falta de dinheiro.<\/p>\n\n\n\n<p><em>Fonte: Metro1<\/em><\/p>\n","protected":false},"excerpt":{"rendered":"<p>Cerca de 27 milh\u00f5es de brasileiros com mais de 18 anos ficaram sem comer desde o in\u00edcio da pandemia, segundo dados do Fundo das Na\u00e7\u00f5es Unidas para a Inf\u00e2ncia (Unicef), divulgados nesta quarta-feira (30). A informa\u00e7\u00e3o faz parte da terceira rodada da pesquisa &#8220;Impactos Prim\u00e1rios e Secund\u00e1rios da Covid-19 em Crian\u00e7as e Adolescentes&#8221;<\/p>\n","protected":false},"author":2,"featured_media":34200,"comment_status":"open","ping_status":"open","sticky":false,"template":"","format":"standard","meta":{"om_disable_all_campaigns":false,"_monsterinsights_skip_tracking":false,"_monsterinsights_sitenote_active":false,"_monsterinsights_sitenote_note":"","_monsterinsights_sitenote_category":0,"footnotes":""},"categories":[34,70,69,19],"tags":[93,3429,3486,2943,61,2316],"class_list":["post-36397","post","type-post","status-publish","format-standard","has-post-thumbnail","hentry","category-brasil","category-destaques","category-noticias2","category-saude","tag-brasil","tag-coronavirus","tag-covid-19","tag-fome","tag-saude","tag-unicef"],"aioseo_notices":[],"_links":{"self":[{"href":"https:\/\/www.portalalerta.com.br\/index.php\/wp-json\/wp\/v2\/posts\/36397","targetHints":{"allow":["GET"]}}],"collection":[{"href":"https:\/\/www.portalalerta.com.br\/index.php\/wp-json\/wp\/v2\/posts"}],"about":[{"href":"https:\/\/www.portalalerta.com.br\/index.php\/wp-json\/wp\/v2\/types\/post"}],"author":[{"embeddable":true,"href":"https:\/\/www.portalalerta.com.br\/index.php\/wp-json\/wp\/v2\/users\/2"}],"replies":[{"embeddable":true,"href":"https:\/\/www.portalalerta.com.br\/index.php\/wp-json\/wp\/v2\/comments?post=36397"}],"version-history":[{"count":1,"href":"https:\/\/www.portalalerta.com.br\/index.php\/wp-json\/wp\/v2\/posts\/36397\/revisions"}],"predecessor-version":[{"id":36401,"href":"https:\/\/www.portalalerta.com.br\/index.php\/wp-json\/wp\/v2\/posts\/36397\/revisions\/36401"}],"wp:featuredmedia":[{"embeddable":true,"href":"https:\/\/www.portalalerta.com.br\/index.php\/wp-json\/wp\/v2\/media\/34200"}],"wp:attachment":[{"href":"https:\/\/www.portalalerta.com.br\/index.php\/wp-json\/wp\/v2\/media?parent=36397"}],"wp:term":[{"taxonomy":"category","embeddable":true,"href":"https:\/\/www.portalalerta.com.br\/index.php\/wp-json\/wp\/v2\/categories?post=36397"},{"taxonomy":"post_tag","embeddable":true,"href":"https:\/\/www.portalalerta.com.br\/index.php\/wp-json\/wp\/v2\/tags?post=36397"}],"curies":[{"name":"wp","href":"https:\/\/api.w.org\/{rel}","templated":true}]}}