{"id":36398,"date":"2021-07-02T16:35:27","date_gmt":"2021-07-02T19:35:27","guid":{"rendered":"https:\/\/www.portalalerta.com.br\/?p=36398"},"modified":"2021-07-02T16:35:30","modified_gmt":"2021-07-02T19:35:30","slug":"acusado-de-cometer-homicidio-em-canudos-ba-e-preso-em-euclides-da-cunha-ba","status":"publish","type":"post","link":"https:\/\/www.portalalerta.com.br\/index.php\/2021\/07\/02\/acusado-de-cometer-homicidio-em-canudos-ba-e-preso-em-euclides-da-cunha-ba\/","title":{"rendered":"Acusado de cometer homic\u00eddio em Canudos-BA \u00e9 preso em Euclides da Cunha-BA"},"content":{"rendered":"\n<p>No in\u00edcio da tarde da \u00faltima quinta-feira (1\u00ba), policiais civis de Euclides da Cunha-BA, cumpriram um mandado de pris\u00e3o em desfavor de um homem acusado de cometer um homic\u00eddio, no povoado Bendeg\u00f3, em Canudos-BA, em maio do corrente ano.<\/p>\n\n\n\n<!--more-->\n\n\n\n<div class=\"wp-block-image\"><figure class=\"aligncenter size-large\"><img fetchpriority=\"high\" decoding=\"async\" width=\"720\" height=\"181\" src=\"https:\/\/www.portalalerta.com.br\/wp-content\/uploads\/2018\/02\/Auto-Escola-Nobre.jpg\" alt=\"\" class=\"wp-image-4869\" srcset=\"https:\/\/www.portalalerta.com.br\/wp-content\/uploads\/2018\/02\/Auto-Escola-Nobre.jpg 720w, https:\/\/www.portalalerta.com.br\/wp-content\/uploads\/2018\/02\/Auto-Escola-Nobre-260x65.jpg 260w, https:\/\/www.portalalerta.com.br\/wp-content\/uploads\/2018\/02\/Auto-Escola-Nobre-50x13.jpg 50w, https:\/\/www.portalalerta.com.br\/wp-content\/uploads\/2018\/02\/Auto-Escola-Nobre-150x38.jpg 150w\" sizes=\"(max-width: 720px) 100vw, 720px\" \/><\/figure><\/div>\n\n\n\n<p>De acordo com informa\u00e7\u00f5es, o rapaz identificado pelas iniciais J.H.M.S, teria assassinado Gilberto da Mota Silva, ap\u00f3s uma discuss\u00e3o entre ambos.<\/p>\n\n\n\n<p>O acusado foi encontrado no munic\u00edpio de Euclides da Cunha, e posteriormente foi conduzido para o Complexo Policial da cidade, onde se encontra \u00e0 disposi\u00e7\u00e3o da justi\u00e7a.<\/p>\n\n\n\n<p><em>Reda\u00e7\u00e3o: Portal Alerta<\/em><\/p>\n\n\n\n<p><strong><em>#fiqueemcasa<\/em><\/strong><\/p>\n\n\n\n<p><strong><em>#usemascaras<\/em><\/strong><\/p>\n","protected":false},"excerpt":{"rendered":"<p>No in\u00edcio da tarde da \u00faltima quinta-feira (1\u00ba), policiais civis de Euclides da Cunha-BA, cumpriram um mandado de pris\u00e3o em desfavor de um homem acusado de cometer um homic\u00eddio, no povoado Bendeg\u00f3, em Canudos-BA, em maio do corrente ano.<\/p>\n","protected":false},"author":2,"featured_media":32613,"comment_status":"open","ping_status":"open","sticky":false,"template":"","format":"standard","meta":{"om_disable_all_campaigns":false,"_monsterinsights_skip_tracking":false,"_monsterinsights_sitenote_active":false,"_monsterinsights_sitenote_note":"","_monsterinsights_sitenote_category":0,"footnotes":""},"categories":[33,70,17,69,32,22],"tags":[54,491,129,258,206,488,122,77],"class_list":["post-36398","post","type-post","status-publish","format-standard","has-post-thumbnail","hentry","category-bahia","category-destaques","category-euclides-da-cunha","category-noticias2","category-regiao","category-seguranca","tag-bahia","tag-canudos","tag-euclides-da-cunha","tag-homicida","tag-homicidio","tag-mandado-de-prisao","tag-policia-civil","tag-preso"],"aioseo_notices":[],"_links":{"self":[{"href":"https:\/\/www.portalalerta.com.br\/index.php\/wp-json\/wp\/v2\/posts\/36398","targetHints":{"allow":["GET"]}}],"collection":[{"href":"https:\/\/www.portalalerta.com.br\/index.php\/wp-json\/wp\/v2\/posts"}],"about":[{"href":"https:\/\/www.portalalerta.com.br\/index.php\/wp-json\/wp\/v2\/types\/post"}],"author":[{"embeddable":true,"href":"https:\/\/www.portalalerta.com.br\/index.php\/wp-json\/wp\/v2\/users\/2"}],"replies":[{"embeddable":true,"href":"https:\/\/www.portalalerta.com.br\/index.php\/wp-json\/wp\/v2\/comments?post=36398"}],"version-history":[{"count":1,"href":"https:\/\/www.portalalerta.com.br\/index.php\/wp-json\/wp\/v2\/posts\/36398\/revisions"}],"predecessor-version":[{"id":36402,"href":"https:\/\/www.portalalerta.com.br\/index.php\/wp-json\/wp\/v2\/posts\/36398\/revisions\/36402"}],"wp:featuredmedia":[{"embeddable":true,"href":"https:\/\/www.portalalerta.com.br\/index.php\/wp-json\/wp\/v2\/media\/32613"}],"wp:attachment":[{"href":"https:\/\/www.portalalerta.com.br\/index.php\/wp-json\/wp\/v2\/media?parent=36398"}],"wp:term":[{"taxonomy":"category","embeddable":true,"href":"https:\/\/www.portalalerta.com.br\/index.php\/wp-json\/wp\/v2\/categories?post=36398"},{"taxonomy":"post_tag","embeddable":true,"href":"https:\/\/www.portalalerta.com.br\/index.php\/wp-json\/wp\/v2\/tags?post=36398"}],"curies":[{"name":"wp","href":"https:\/\/api.w.org\/{rel}","templated":true}]}}