{"id":36399,"date":"2021-07-02T16:44:57","date_gmt":"2021-07-02T19:44:57","guid":{"rendered":"https:\/\/www.portalalerta.com.br\/?p=36399"},"modified":"2021-07-02T16:44:58","modified_gmt":"2021-07-02T19:44:58","slug":"rosa-weber-do-stf-rejeita-pedido-da-pgr-para-esperar-conclusao-da-cpi-antes-de-investigar-bolsonaro","status":"publish","type":"post","link":"https:\/\/www.portalalerta.com.br\/index.php\/2021\/07\/02\/rosa-weber-do-stf-rejeita-pedido-da-pgr-para-esperar-conclusao-da-cpi-antes-de-investigar-bolsonaro\/","title":{"rendered":"Rosa Weber, do STF, rejeita pedido da PGR para esperar conclus\u00e3o da CPI antes de investigar Bolsonaro"},"content":{"rendered":"\n<p>A ministra do Supremo Tribunal Federal (STF) Rosa Weber rejeitou pedido da Procuradoria-Geral da Rep\u00fablica (PGR) para aguardar a conclus\u00e3o da CPI da Covid antes de decidir sobre poss\u00edvel investiga\u00e7\u00e3o contra o presidente Jair Bolsonaro por prevarica\u00e7\u00e3o. Em sua decis\u00e3o, Rosa fez duras cr\u00edticas ao posicionamento da PGR e determinou a devolu\u00e7\u00e3o do processo para que a equipe do procurador-geral Augusto Aras se manifeste sobre a investiga\u00e7\u00e3o.<\/p>\n\n\n\n<!--more-->\n\n\n\n<p><strong><em>&#8220;O exerc\u00edcio do poder p\u00fablico, repito, \u00e9 condicionado. E no desenho das atribui\u00e7\u00f5es do Minist\u00e9rio P\u00fablico, n\u00e3o se vislumbra o papel de espectador das a\u00e7\u00f5es dos Poderes da Rep\u00fablica&#8221;<\/em><\/strong>, escreveu.<\/p>\n\n\n\n<div class=\"wp-block-image\"><figure class=\"alignleft size-large is-resized\"><img fetchpriority=\"high\" decoding=\"async\" src=\"https:\/\/www.portalalerta.com.br\/wp-content\/uploads\/2021\/03\/Real-Calcados.jpeg\" alt=\"\" class=\"wp-image-33350\" width=\"304\" height=\"304\"\/><\/figure><\/div>\n\n\n\n<p>A ministra considerou que n\u00e3o h\u00e1 justificativa jur\u00eddica para o pedido de aguardar a CPI e que n\u00e3o existe problema da exist\u00eancia de duas investiga\u00e7\u00f5es simult\u00e2neas, como havia argumentado a PGR. Para Rosa Weber, <strong><em>&#8220;a instaura\u00e7\u00e3o de Comiss\u00e3o Parlamentar de Inqu\u00e9rito n\u00e3o inviabiliza a apura\u00e7\u00e3o simult\u00e2nea dos mesmos fatos por outros atores investidos de concorrentes atribui\u00e7\u00f5es, dentre os quais as autoridades do sistema de Justi\u00e7a&#8221;<\/em><\/strong>.<\/p>\n\n\n\n<p>O pedido de investiga\u00e7\u00e3o foi feito por senadores, com base no depoimento do deputado Lu\u00eds Miranda (DEM-DF) e do seu irm\u00e3o, o servidor do Minist\u00e9rio da Sa\u00fade Lu\u00eds Ricardo Miranda, \u00e0 CPI. Eles narraram a exist\u00eancia de suspeitas de irregularidades na compra da vacina Covaxin e disseram que relataram o fato ao presidente Jair Bolsonaro. Bolsonaro, entretanto, n\u00e3o determinou apura\u00e7\u00e3o da Pol\u00edcia Federal a respeito do caso. Por isso, os senadores apontaram o crime de prevarica\u00e7\u00e3o.<\/p>\n\n\n\n<p>Na ter\u00e7a-feira, a PGR pediu \u00e0 ministra para aguardar as conclus\u00f5es da investiga\u00e7\u00e3o da CPI antes de decidir sobre essa not\u00edcia-crime. <strong><em>&#8220;Se o Poder Legislativo est\u00e1 a investigar com excel\u00eancia comportamentos aparentemente il\u00edcitos com todas as compet\u00eancias necess\u00e1rias, qual seria o motivo para que no Supremo Tribunal Federal abra uma investiga\u00e7\u00e3o concorrente, tomada por freios e contrapesos institucionais e sem igual agilidade?&#8221;<\/em><\/strong>, disse o vice-procurador-geral da Rep\u00fablica Humberto Jacques de Medeiros.<\/p>\n\n\n\n<p><em>Fonte: Yahoo Not\u00edcias<\/em><\/p>\n","protected":false},"excerpt":{"rendered":"<p>A ministra do Supremo Tribunal Federal (STF) Rosa Weber rejeitou pedido da Procuradoria-Geral da Rep\u00fablica (PGR) para aguardar a conclus\u00e3o da CPI da Covid antes de decidir sobre poss\u00edvel investiga\u00e7\u00e3o contra o presidente Jair Bolsonaro por prevarica\u00e7\u00e3o. Em sua decis\u00e3o, Rosa fez duras cr\u00edticas ao posicionamento da PGR e determinou a devolu\u00e7\u00e3o do processo para &hellip;<\/p>\n","protected":false},"author":2,"featured_media":9782,"comment_status":"open","ping_status":"open","sticky":false,"template":"","format":"standard","meta":{"om_disable_all_campaigns":false,"_monsterinsights_skip_tracking":false,"_monsterinsights_sitenote_active":false,"_monsterinsights_sitenote_note":"","_monsterinsights_sitenote_category":0,"footnotes":""},"categories":[34,70,69,21],"tags":[93,249,1395,4409,411,4635,1530,216],"class_list":["post-36399","post","type-post","status-publish","format-standard","has-post-thumbnail","hentry","category-brasil","category-destaques","category-noticias2","category-politica","tag-brasil","tag-governo-federal","tag-jair-bolsonaro","tag-noticia-crime","tag-pgr","tag-prevaricacao","tag-rosa-weber","tag-stf"],"aioseo_notices":[],"_links":{"self":[{"href":"https:\/\/www.portalalerta.com.br\/index.php\/wp-json\/wp\/v2\/posts\/36399","targetHints":{"allow":["GET"]}}],"collection":[{"href":"https:\/\/www.portalalerta.com.br\/index.php\/wp-json\/wp\/v2\/posts"}],"about":[{"href":"https:\/\/www.portalalerta.com.br\/index.php\/wp-json\/wp\/v2\/types\/post"}],"author":[{"embeddable":true,"href":"https:\/\/www.portalalerta.com.br\/index.php\/wp-json\/wp\/v2\/users\/2"}],"replies":[{"embeddable":true,"href":"https:\/\/www.portalalerta.com.br\/index.php\/wp-json\/wp\/v2\/comments?post=36399"}],"version-history":[{"count":1,"href":"https:\/\/www.portalalerta.com.br\/index.php\/wp-json\/wp\/v2\/posts\/36399\/revisions"}],"predecessor-version":[{"id":36403,"href":"https:\/\/www.portalalerta.com.br\/index.php\/wp-json\/wp\/v2\/posts\/36399\/revisions\/36403"}],"wp:featuredmedia":[{"embeddable":true,"href":"https:\/\/www.portalalerta.com.br\/index.php\/wp-json\/wp\/v2\/media\/9782"}],"wp:attachment":[{"href":"https:\/\/www.portalalerta.com.br\/index.php\/wp-json\/wp\/v2\/media?parent=36399"}],"wp:term":[{"taxonomy":"category","embeddable":true,"href":"https:\/\/www.portalalerta.com.br\/index.php\/wp-json\/wp\/v2\/categories?post=36399"},{"taxonomy":"post_tag","embeddable":true,"href":"https:\/\/www.portalalerta.com.br\/index.php\/wp-json\/wp\/v2\/tags?post=36399"}],"curies":[{"name":"wp","href":"https:\/\/api.w.org\/{rel}","templated":true}]}}