{"id":36405,"date":"2021-07-02T18:44:47","date_gmt":"2021-07-02T21:44:47","guid":{"rendered":"https:\/\/www.portalalerta.com.br\/?p=36405"},"modified":"2021-07-02T18:44:48","modified_gmt":"2021-07-02T21:44:48","slug":"dominguetti-diz-a-cpi-que-luis-miranda-buscou-intermediar-venda-de-vacina-ao-governo-deputado-nega","status":"publish","type":"post","link":"https:\/\/www.portalalerta.com.br\/index.php\/2021\/07\/02\/dominguetti-diz-a-cpi-que-luis-miranda-buscou-intermediar-venda-de-vacina-ao-governo-deputado-nega\/","title":{"rendered":"Dominguetti diz \u00e0 CPI que Lu\u00eds Miranda buscou intermediar venda de vacina ao governo; deputado nega"},"content":{"rendered":"\n<p>-O policial militar Luiz Paulo Dominguetti, que afirma ser representante de uma empresa que negociou a venda de doses da vacina da AstraZeneca contra Covid-19 ao Minist\u00e9rio da Sa\u00fade, disse nesta quinta-feira \u00e0 CPI da Covid do Senado que o deputado federal Lu\u00eds Miranda (DEM-DF) teria tentado intermediar a venda de imunizantes pela Davati Medical Supply, empresa que o PM disse representar, para a pasta.<\/p>\n\n\n\n<!--more-->\n\n\n\n<p>Para supostamente comprovar suas declara\u00e7\u00f5es, Dominguetti apresentou durante sess\u00e3o da CPI um \u00e1udio do que seria uma conversa do deputado com Cristiano Alberto Carvalho, apontado por ele como presidente-executivo da Davati. Miranda teria dito, segundo a conversa, que poderia ajudar na intermedia\u00e7\u00e3o.<\/p>\n\n\n\n<div class=\"wp-block-image\"><figure class=\"alignleft size-large is-resized\"><img fetchpriority=\"high\" decoding=\"async\" src=\"https:\/\/www.portalalerta.com.br\/wp-content\/uploads\/2021\/04\/ELAB.jpg\" alt=\"\" class=\"wp-image-34795\" width=\"317\" height=\"253\" srcset=\"https:\/\/www.portalalerta.com.br\/wp-content\/uploads\/2021\/04\/ELAB.jpg 1000w, https:\/\/www.portalalerta.com.br\/wp-content\/uploads\/2021\/04\/ELAB-300x240.jpg 300w, https:\/\/www.portalalerta.com.br\/wp-content\/uploads\/2021\/04\/ELAB-768x614.jpg 768w, https:\/\/www.portalalerta.com.br\/wp-content\/uploads\/2021\/04\/ELAB-183x146.jpg 183w, https:\/\/www.portalalerta.com.br\/wp-content\/uploads\/2021\/04\/ELAB-50x40.jpg 50w, https:\/\/www.portalalerta.com.br\/wp-content\/uploads\/2021\/04\/ELAB-94x75.jpg 94w\" sizes=\"(max-width: 317px) 100vw, 317px\" \/><\/figure><\/div>\n\n\n\n<p>Dominguetti afirmou que recebeu o \u00e1udio de Cristiano no dia 24 de junho, embora n\u00e3o tenha dito quando foi a data da conversa. Cinco dias depois, ele disse ter dado a entrevista para o jornal Folha de S.Paulo em que acusou o ent\u00e3o diretor de Log\u00edstica do Minist\u00e9rio da Sa\u00fade, Roberto Ferreira Dias, de pedir propina de 1 d\u00f3lar por dose de vacina vendida para garantir a venda de 400 milh\u00f5es de doses para o minist\u00e9rio.<\/p>\n\n\n\n<p>Lu\u00eds Miranda, que chegou a comparecer pessoalmente \u00e0 CPI durante o depoimento de Dominguetti, negou que tenha buscado intermediar uma eventual venda de vacinas pela Davati ao minist\u00e9rio.<\/p>\n\n\n\n<p>Dominguetti, que \u00e9 PM da ativa na corpora\u00e7\u00e3o em Minas Gerais e que afirma atuar como representante para complementar renda, confirmou \u00e0 CPI a acusa\u00e7\u00e3o que fez ao jornal contra Roberto Dias, que teve sua exonera\u00e7\u00e3o anunciada pela pasta ap\u00f3s a publica\u00e7\u00e3o da den\u00fancia. O ex-servidor seria ligado ao l\u00edder do governo na C\u00e2mara, Ricardo Barros (PP-PR), que, no entanto, nega ser o padrinho da indica\u00e7\u00e3o dele ao cargo que ocupava.<\/p>\n\n\n\n<p>Ap\u00f3s a apresenta\u00e7\u00e3o do \u00e1udio por Dominguetti, senadores come\u00e7aram a duvidar da vers\u00e3o dada por ele sobre a grava\u00e7\u00e3o apresentada \u00e0 CPI, dizendo n\u00e3o ter ficado claro que a conversa tratava de vacina. A comiss\u00e3o determinou a apreens\u00e3o do telefone celular do depoente.<\/p>\n\n\n\n<p><strong><em>&#8220;N\u00e3o venha achar aqui que todo mundo \u00e9 ot\u00e1rio&#8221;<\/em><\/strong>, disse o presidente da CPI, Omar Aziz (PSD-AM), ressaltando estranhar o surgimento do \u00e1udio durante o depoimento. <strong><em>&#8220;Eu sempre pedi cautela quando aparece jabuti na \u00e1rvore.&#8221;<\/em><\/strong><\/p>\n\n\n\n<p>Dominguetti justificou ter divulgado esse \u00e1udio porque n\u00e3o poderia faltar com a verdade quando tinha sido perguntado se soube de algum parlamentar teria tentado intermediar a compra de vacinas.<\/p>\n\n\n\n<p><strong><em>&#8220;Meus dados telef\u00f4nicos e emails est\u00e3o \u00e0 disposi\u00e7\u00e3o da CPI, independente de qualquer apreens\u00e3o. Minha decis\u00e3o sempre \u00e9 de contribuir&#8221;<\/em><\/strong>, disse ele.<\/p>\n\n\n\n<p>Durante a fala de Dominguetti, Miranda foi \u00e0 sala da CPI e conversou, ao p\u00e9 do ouvido, com senadores da comiss\u00e3o, o que gerou rea\u00e7\u00f5es de senadores da base aliada do governo do presidente Jair Bolsonaro na CPI.<\/p>\n\n\n\n<p>Senadores alinhados ao governo &#8211;entre eles o filho do presidente Fl\u00e1vio Bolsonaro (Patriotas-RJ), que n\u00e3o \u00e9 membro da CPI&#8211; chegaram a defender tamb\u00e9m a apreens\u00e3o do telefone celular de Lu\u00eds Miranda para fazer a verifica\u00e7\u00e3o do relato feito. Aziz, entretanto, rejeitou a medida.<\/p>\n\n\n\n<p>Na semana passada, em depoimento \u00e0 CPI, Miranda e seu irm\u00e3o, o servidor do Minist\u00e9rio da Sa\u00fade Luis Ricardo Miranda, disseram que avisaram Bolsonaro sobre alegadas irregularidades no contrato de compra pelo governo da vacina indiana contra Covid-19 Covaxin e o deputado disse ter ouvido do presidente que Barros estava envolvido no caso.<\/p>\n\n\n\n<p>Aziz afirmou que vai pedir a reconvoca\u00e7\u00e3o de Lu\u00eds Miranda para depor \u00e0 CPI.<\/p>\n\n\n\n<p>Na companhia de outros integrantes do colegiado, da base e da oposi\u00e7\u00e3o, o presidente da CPI disse ter conversado com o deputado federal posteriormente. Segundo Aziz, Miranda negou que o \u00e1udio da conversa seja recente, disse se tratar de uma grava\u00e7\u00e3o de 2020 e que n\u00e3o se referia a vacinas, mas a outros neg\u00f3cios.<\/p>\n\n\n\n<p><em>Fonte: Yahoo Not\u00edcias<\/em><\/p>\n","protected":false},"excerpt":{"rendered":"<p>-O policial militar Luiz Paulo Dominguetti, que afirma ser representante de uma empresa que negociou a venda de doses da vacina da AstraZeneca contra Covid-19 ao Minist\u00e9rio da Sa\u00fade, disse nesta quinta-feira \u00e0 CPI da Covid do Senado que o deputado federal Lu\u00eds Miranda (DEM-DF) teria tentado intermediar a venda de imunizantes pela Davati Medical &hellip;<\/p>\n","protected":false},"author":2,"featured_media":36409,"comment_status":"open","ping_status":"open","sticky":false,"template":"","format":"standard","meta":{"om_disable_all_campaigns":false,"_monsterinsights_skip_tracking":false,"_monsterinsights_sitenote_active":false,"_monsterinsights_sitenote_note":"","_monsterinsights_sitenote_category":0,"footnotes":""},"categories":[34,70,69,21,19],"tags":[93,3429,3486,721,215,4623,4646,235],"class_list":["post-36405","post","type-post","status-publish","format-standard","has-post-thumbnail","hentry","category-brasil","category-destaques","category-noticias2","category-politica","category-saude","tag-brasil","tag-coronavirus","tag-covid-19","tag-cpi","tag-deputado-federal","tag-luis-miranda","tag-luis-paulo-dominguetti","tag-senado-federal"],"aioseo_notices":[],"_links":{"self":[{"href":"https:\/\/www.portalalerta.com.br\/index.php\/wp-json\/wp\/v2\/posts\/36405","targetHints":{"allow":["GET"]}}],"collection":[{"href":"https:\/\/www.portalalerta.com.br\/index.php\/wp-json\/wp\/v2\/posts"}],"about":[{"href":"https:\/\/www.portalalerta.com.br\/index.php\/wp-json\/wp\/v2\/types\/post"}],"author":[{"embeddable":true,"href":"https:\/\/www.portalalerta.com.br\/index.php\/wp-json\/wp\/v2\/users\/2"}],"replies":[{"embeddable":true,"href":"https:\/\/www.portalalerta.com.br\/index.php\/wp-json\/wp\/v2\/comments?post=36405"}],"version-history":[{"count":1,"href":"https:\/\/www.portalalerta.com.br\/index.php\/wp-json\/wp\/v2\/posts\/36405\/revisions"}],"predecessor-version":[{"id":36410,"href":"https:\/\/www.portalalerta.com.br\/index.php\/wp-json\/wp\/v2\/posts\/36405\/revisions\/36410"}],"wp:featuredmedia":[{"embeddable":true,"href":"https:\/\/www.portalalerta.com.br\/index.php\/wp-json\/wp\/v2\/media\/36409"}],"wp:attachment":[{"href":"https:\/\/www.portalalerta.com.br\/index.php\/wp-json\/wp\/v2\/media?parent=36405"}],"wp:term":[{"taxonomy":"category","embeddable":true,"href":"https:\/\/www.portalalerta.com.br\/index.php\/wp-json\/wp\/v2\/categories?post=36405"},{"taxonomy":"post_tag","embeddable":true,"href":"https:\/\/www.portalalerta.com.br\/index.php\/wp-json\/wp\/v2\/tags?post=36405"}],"curies":[{"name":"wp","href":"https:\/\/api.w.org\/{rel}","templated":true}]}}