{"id":36407,"date":"2021-07-02T19:05:38","date_gmt":"2021-07-02T22:05:38","guid":{"rendered":"https:\/\/www.portalalerta.com.br\/?p=36407"},"modified":"2021-07-02T19:05:39","modified_gmt":"2021-07-02T22:05:39","slug":"brasil-aplicou-26-mil-vacinas-vencidas-da-astrazeneca-diz-jornal","status":"publish","type":"post","link":"https:\/\/www.portalalerta.com.br\/index.php\/2021\/07\/02\/brasil-aplicou-26-mil-vacinas-vencidas-da-astrazeneca-diz-jornal\/","title":{"rendered":"Brasil aplicou 26 mil vacinas vencidas da AstraZeneca, diz jornal"},"content":{"rendered":"\n<p>Pelo menos 26 mil doses da\u00a0vacina AstraZeneca\u00a0aplicadas no Brasil estavam vencidas. A informa\u00e7\u00e3o foi revelada pela Folha de S. Paulo e constam nos registros oficiais do Minist\u00e9rio da Sa\u00fade.<\/p>\n\n\n\n<!--more-->\n\n\n\n<p>Ao todo, s\u00e3o oito lotes da vacina AstraZeneca que foram importados ou adquiridos por meio de cons\u00f3rcio. Um dos lotes expirou em 29 de mar\u00e7o e o que est\u00e1 fora da validade h\u00e1 menos tempo venceu em 4 de junho.<\/p>\n\n\n\n<p>Atualmente, a AstraZeneca \u00e9 a vacina mais usada no Brasil e corresponde a 57% das aplica\u00e7\u00f5es em 2021. O prazo de vencimento do imunizante \u00e9 de 6 meses ap\u00f3s a fabrica\u00e7\u00e3o.<\/p>\n\n\n\n<div class=\"wp-block-image\"><figure class=\"alignleft size-large is-resized\"><img fetchpriority=\"high\" decoding=\"async\" src=\"https:\/\/www.portalalerta.com.br\/wp-content\/uploads\/2021\/03\/Real-Calcados.jpeg\" alt=\"\" class=\"wp-image-33350\" width=\"299\" height=\"299\"\/><\/figure><\/div>\n\n\n\n<p>Os dados sobre as vacinas expiradas foram adquiridos a partir de um cruzamento entre as informa\u00e7\u00f5es do Data SUS e do Sage (Sala de Apoio \u00e0 Gest\u00e3o Estrat\u00e9gica), pelo n\u00famero dos lotes de vacinas. Foram consideradas doses aplicadas at\u00e9 19 de junho.<\/p>\n\n\n\n<p>At\u00e9 a data, foram aplicadas 25.935 doses vencidas. Entre os oito lotes, quatro eram do Instituto Serum, da \u00cdndia, e os outros quatro da Organiza\u00e7\u00e3o Pan-Americana de Sa\u00fade, a Opas. As vacinas foram distribu\u00eddas entre janeiro e mar\u00e7o pelo governo federal, antes do vencimento. Entre as vacinas expiradas n\u00e3o est\u00e3o aquelas produzidas pela Fiocruz.&nbsp;<\/p>\n\n\n\n<p>No total, o PNI repassou 3,9 milh\u00f5es de doses e 140 mil n\u00e3o foram usadas at\u00e9 o prazo de validade. Entre elas, quase 26 mil foram usadas ap\u00f3s o vencimento.<\/p>\n\n\n\n<p>Entre as doses expiradas aplicadas, 70% correspondiam a um mesmo lote do Instituto Serum, o \u201c4120Z005\u201d, vencido em 14 de abril.<\/p>\n\n\n\n<p><strong>O que fazer em caso de vacina vencida<\/strong><\/p>\n\n\n\n<p>As doses fora do prazo de validade podem comprometer a prote\u00e7\u00e3o das pessoas que receberam o imunizante. As vacinas foram aplicadas em postos de sa\u00fade em todo o Brasil, em 1.532 munic\u00edpios brasileiros.&nbsp;<a href=\"https:\/\/www1.folha.uol.com.br\/equilibrioesaude\/2021\/07\/milhares-no-brasil-tomaram-vacina-vencida-contra-covid-veja-se-voce-e-um-deles.shtml?utm_source=twitter&amp;utm_medium=social&amp;utm_campaign=twfolha\" target=\"_blank\" rel=\"noreferrer noopener\">Consulte aqui os lotes vencidos<\/a>, o n\u00famero do lote pode ser conferido na carteira de vacina\u00e7\u00e3o.<\/p>\n\n\n\n<p>Em caso de aplica\u00e7\u00e3o de vacina vencida, a orienta\u00e7\u00e3o \u00e9 procurar uma unidade de sa\u00fade. De acordo com o Plano Nacional de Operacionaliza\u00e7\u00e3o da Vacina\u00e7\u00e3o contra a Covid-19, as pessoas que receberam as doses dos oito lotes devem esperar 28 dias e tomar a vacina novamente, pois \u00e9 como se n\u00e3o tivessem sido vacinadas.<\/p>\n\n\n\n<p><strong>Locais que mais utilizaram vacinas vencidas<\/strong><\/p>\n\n\n\n<p>A cidade que mais aplicou vacinas vencidas foi Maring\u00e1, no Paran\u00e1. A cidade \u00e9 reduto eleitoral de Ricardo Barros (PP-PR), l\u00edder do governo Bolsonaro na C\u00e2mara. Foram 3.536 pessoas imunizadas com a primeira dose da AstraZeneca foram da validade. Veja a lista divulgada pela Folha:<\/p>\n\n\n\n<ul class=\"wp-block-list\"><li>Maring\u00e1 (PR): 3.536<\/li><li>Bel\u00e9m (PA): 2.673<\/li><li>S\u00e3o Paulo (SP): 996<\/li><li>Nil\u00f3polis (RJ): 852<\/li><li>Salvador (BA): 824<\/li><\/ul>\n\n\n\n<p>As outras cidades que receberam as doses aplicaram menos de 700 vacinas vencidas. Segundo os dados apurados pela Folha, a maior parte dos munic\u00edpios n\u00e3o aplicou mais de dez doses fora da validade.<\/p>\n\n\n\n<p>H\u00e1, ainda, 114 mil doses da vacina AstraZeneca que foram distribu\u00eddas quando j\u00e1 estavam com o prazo de validade vencido. Ainda n\u00e3o se sabe se foram descartadas ou se est\u00e3o sendo aplicadas.<\/p>\n\n\n\n<p><strong>O que dizem as secretarias<\/strong><\/p>\n\n\n\n<p>Procuradas pelas Folha, secretarias estaduais e municipais se pronunciaram.<\/p>\n\n\n\n<p><strong>S\u00e3o Paulo<\/strong><\/p>\n\n\n\n<p>A Secretaria de Sa\u00fade do Estado de S\u00e3o Paulo confirmou que utilizou cerca de 4 mil doses depois da validade. A pasta afirmou que a responsabilidade \u00e9 dos munic\u00edpios e disse que repassou as vacinas antes do prazo de validade expirar. Os casos est\u00e3o sendo avaliados individualmente.<\/p>\n\n\n\n<p><strong>Bel\u00e9m<\/strong><\/p>\n\n\n\n<p>A Secretaria Municipal de Sa\u00fade de Bel\u00e9m negou que tenha aplicado imunizantes vencidos, mas assumiu que pode ter havido um erro nos registros da vacina\u00e7\u00e3o, \u201cquando as anota\u00e7\u00f5es eram feitas manualmente em fichas de papel e posteriormente digitadas\u201d.<\/p>\n\n\n\n<p>No entanto, os dados do Minist\u00e9rio da Sa\u00fade mostram que 99,7% das doses expiradas em Bel\u00e9m foram de segunda dose e, portanto, aplicadas depois de abril.<\/p>\n\n\n\n<p><strong>Paran\u00e1<\/strong><\/p>\n\n\n\n<p>A Secretaria Estadual do Paran\u00e1 informou \u00e0 Folha que h\u00e1 um problema na integra\u00e7\u00e3o dos dados dos munic\u00edpios e o sistema federal, ou seja, \u201cum erro de leitura da data de exporta\u00e7\u00e3o do dado\u201d.<\/p>\n\n\n\n<p><strong>Governo federal<\/strong><\/p>\n\n\n\n<p>O Minist\u00e9rio da Sa\u00fade informou que \u201cacompanha rigorosamente todos os prazos de validade das vacinas Covid-19 recebidas e distribu\u00eddas&#8221; e que &#8220;as doses entregues para as centrais estaduais devem ser imediatamente enviadas aos munic\u00edpios pelas gest\u00f5es estaduais. Cabe aos gestores locais do SUS o armazenamento correto, acompanhamento da validade dos frascos e aplica\u00e7\u00e3o das doses, seguindo \u00e0 risca as orienta\u00e7\u00f5es do Minist\u00e9rio\u201d.<\/p>\n\n\n\n<p><em>Fonte: Yahoo Not\u00edcias<\/em><\/p>\n","protected":false},"excerpt":{"rendered":"<p>Pelo menos 26 mil doses da\u00a0vacina AstraZeneca\u00a0aplicadas no Brasil estavam vencidas. A informa\u00e7\u00e3o foi revelada pela Folha de S. Paulo e constam nos registros oficiais do Minist\u00e9rio da Sa\u00fade.<\/p>\n","protected":false},"author":2,"featured_media":34852,"comment_status":"open","ping_status":"open","sticky":false,"template":"","format":"standard","meta":{"om_disable_all_campaigns":false,"_monsterinsights_skip_tracking":false,"_monsterinsights_sitenote_active":false,"_monsterinsights_sitenote_note":"","_monsterinsights_sitenote_category":0,"footnotes":""},"categories":[34,70,69,19],"tags":[4061,93,3429,3486,61,3570,4441],"class_list":["post-36407","post","type-post","status-publish","format-standard","has-post-thumbnail","hentry","category-brasil","category-destaques","category-noticias2","category-saude","tag-astrazeneca","tag-brasil","tag-coronavirus","tag-covid-19","tag-saude","tag-vacina","tag-vencimento"],"aioseo_notices":[],"_links":{"self":[{"href":"https:\/\/www.portalalerta.com.br\/index.php\/wp-json\/wp\/v2\/posts\/36407","targetHints":{"allow":["GET"]}}],"collection":[{"href":"https:\/\/www.portalalerta.com.br\/index.php\/wp-json\/wp\/v2\/posts"}],"about":[{"href":"https:\/\/www.portalalerta.com.br\/index.php\/wp-json\/wp\/v2\/types\/post"}],"author":[{"embeddable":true,"href":"https:\/\/www.portalalerta.com.br\/index.php\/wp-json\/wp\/v2\/users\/2"}],"replies":[{"embeddable":true,"href":"https:\/\/www.portalalerta.com.br\/index.php\/wp-json\/wp\/v2\/comments?post=36407"}],"version-history":[{"count":1,"href":"https:\/\/www.portalalerta.com.br\/index.php\/wp-json\/wp\/v2\/posts\/36407\/revisions"}],"predecessor-version":[{"id":36413,"href":"https:\/\/www.portalalerta.com.br\/index.php\/wp-json\/wp\/v2\/posts\/36407\/revisions\/36413"}],"wp:featuredmedia":[{"embeddable":true,"href":"https:\/\/www.portalalerta.com.br\/index.php\/wp-json\/wp\/v2\/media\/34852"}],"wp:attachment":[{"href":"https:\/\/www.portalalerta.com.br\/index.php\/wp-json\/wp\/v2\/media?parent=36407"}],"wp:term":[{"taxonomy":"category","embeddable":true,"href":"https:\/\/www.portalalerta.com.br\/index.php\/wp-json\/wp\/v2\/categories?post=36407"},{"taxonomy":"post_tag","embeddable":true,"href":"https:\/\/www.portalalerta.com.br\/index.php\/wp-json\/wp\/v2\/tags?post=36407"}],"curies":[{"name":"wp","href":"https:\/\/api.w.org\/{rel}","templated":true}]}}