{"id":36421,"date":"2021-07-03T13:13:47","date_gmt":"2021-07-03T16:13:47","guid":{"rendered":"https:\/\/www.portalalerta.com.br\/?p=36421"},"modified":"2021-07-03T13:13:48","modified_gmt":"2021-07-03T16:13:48","slug":"pazuello-diz-que-sofreu-pressao-para-liberar-dinheiro-ao-centrao","status":"publish","type":"post","link":"https:\/\/www.portalalerta.com.br\/index.php\/2021\/07\/03\/pazuello-diz-que-sofreu-pressao-para-liberar-dinheiro-ao-centrao\/","title":{"rendered":"Pazuello diz que sofreu press\u00e3o para liberar dinheiro ao centr\u00e3o"},"content":{"rendered":"\n<p>O ex-ministro Eduardo Pazuello (Sa\u00fade) disse a aliados que foi pressionado pelo presidente da C\u00e2mara, Arthur Lira (PP-AL), e pelo ministro Luiz Eduardo Ramos (Casa Civil) a distribuir verbas para apoiadores do governo. A base do governo no Congresso \u00e9 formada por partidos do chamado centr\u00e3o.<\/p>\n\n\n\n<!--more-->\n\n\n\n<p>A ofensiva sobre o minist\u00e9rio buscava o repasse de recursos que restavam no Or\u00e7amento no fim de 2020. A ideia seria contemplar acordos feitos entre a gest\u00e3o Jair Bolsonaro e o bloco do centr\u00e3o.<\/p>\n\n\n\n<p>A diverg\u00eancia foi exposta nas entrelinhas do discurso de despedida de Pazuello do minist\u00e9rio. Na ocasi\u00e3o, ele ligou a sa\u00edda do minist\u00e9rio a pedidos negados por <strong>\u201cpixul\u00e9\u201d<\/strong>.<\/p>\n\n\n\n<p><strong><em>\u201cChegou no final do ano uma carreata de gente pedindo dinheiro politicamente. O que fizemos? Distribu\u00edmos todo o recurso do minist\u00e9rio. Foi outra porrada, porque todos queriam um pixul\u00e9 no final do ano\u201d<\/em><\/strong>, disse o general em 24 de mar\u00e7o.<\/p>\n\n\n\n<p>Segundo autoridades que acompanharam as discuss\u00f5es, um dos conflitos ocorreu quando a Sa\u00fade recebeu listas de estados e munic\u00edpios que deveriam obter cerca de R$ 830 milh\u00f5es em verbas de emendas do relator \u2013ou seja, indicada pelo Congresso.<\/p>\n\n\n\n<div class=\"wp-block-image\"><figure class=\"alignleft size-large is-resized\"><img fetchpriority=\"high\" decoding=\"async\" src=\"https:\/\/www.portalalerta.com.br\/wp-content\/uploads\/2021\/04\/ELAB.jpg\" alt=\"\" class=\"wp-image-34795\" width=\"296\" height=\"237\" srcset=\"https:\/\/www.portalalerta.com.br\/wp-content\/uploads\/2021\/04\/ELAB.jpg 1000w, https:\/\/www.portalalerta.com.br\/wp-content\/uploads\/2021\/04\/ELAB-300x240.jpg 300w, https:\/\/www.portalalerta.com.br\/wp-content\/uploads\/2021\/04\/ELAB-768x614.jpg 768w, https:\/\/www.portalalerta.com.br\/wp-content\/uploads\/2021\/04\/ELAB-183x146.jpg 183w, https:\/\/www.portalalerta.com.br\/wp-content\/uploads\/2021\/04\/ELAB-50x40.jpg 50w, https:\/\/www.portalalerta.com.br\/wp-content\/uploads\/2021\/04\/ELAB-94x75.jpg 94w\" sizes=\"(max-width: 296px) 100vw, 296px\" \/><\/figure><\/div>\n\n\n\n<p>Assinados pelo relator do Or\u00e7amento daquele ano, o deputado Domingos Neto (PSD-CE), os of\u00edcios foram elaborados com aval de Ramos, ent\u00e3o ministro da Segov (Secretaria de Governo), segundo apurou a reportagem com congressistas que acompanharam as discuss\u00f5es.<\/p>\n\n\n\n<p>Aliados do ex-ministro da Sa\u00fade Eduardo Pazuello dizem que a pasta n\u00e3o seguiu o acordo pol\u00edtico e aplicou a maior parte dos recursos dentro dos pr\u00f3prios programas.<\/p>\n\n\n\n<p>Em plena disputa pelo comando da C\u00e2mara dos Deputados, a decis\u00e3o do Minist\u00e9rio da Sa\u00fade incomodou Lira e Ramos. Ao deixar o minist\u00e9rio, Pazuello disse que ficou <strong>\u201cjurado de morte\u201d<\/strong> por se opor a acordos pol\u00edticos. <strong><em>\u201cE a\u00ed come\u00e7ou a crise com lideran\u00e7a pol\u00edtica que n\u00f3s temos hoje, que mandou uma rela\u00e7\u00e3o para a gente atender e n\u00f3s n\u00e3o atendemos. E a\u00ed voc\u00ea est\u00e1 jurado de morte\u201d<\/em><\/strong>, afirmou Pazuello h\u00e1 tr\u00eas meses.<\/p>\n\n\n\n<p>Procurados, Ramos e Pazuello n\u00e3o se manifestaram. Lira disse que s\u00f3 fez press\u00e3o sobre o ex-ministro da Sa\u00fade para a compra de vacinas.<\/p>\n\n\n\n<p><strong><em>\u201cQuando assumi a presid\u00eancia da C\u00e2mara dos Deputados, solicitei ao ministro de Rela\u00e7\u00f5es Exteriores, Ernesto Ara\u00fajo, para que trabalhasse pela amplia\u00e7\u00e3o da vacina\u00e7\u00e3o no Brasil, como \u00fanica forma de retomarmos a vida normal. Da mesma forma, falei com o ministro Pazuello\u201d<\/em><\/strong>, disse Lira, por meio de sua assessoria.<\/p>\n\n\n\n<p><strong><em>\u201cTanto que eu e o presidente do Senado, Rodrigo Pacheco (DEM-MG), estivemos com a Pfizer para discutir a compra de vacinas daquele laborat\u00f3rio, em uma reuni\u00e3o que foi noticiada pela imprensa. Eu n\u00e3o acredito que tenha alguma pessoa que fale abertamente meu nome me acusando da press\u00e3o citada no questionamento da mat\u00e9ria\u201d,<\/em><\/strong> disse Lira.<\/p>\n\n\n\n<p>Na ocasi\u00e3o, por\u00e9m, houve forte discuss\u00e3o entre Pazuello e Lira por causa da distribui\u00e7\u00e3o das verbas, segundo uma autoridade que acompanhou as conversas \u00e0 \u00e9poca.<\/p>\n\n\n\n<p>Em entrevista ao jornal Folha de S.Paulo, sem citar o presidente da C\u00e2mara dos Deputados, o deputado federal Luis Miranda (DEM-DF) disse ter escutado de Pazuello que um <strong>\u201cpoderoso parlamentar\u201d<\/strong> chegou a afirmar que iria trabalhar para retirar o militar da Sa\u00fade.<\/p>\n\n\n\n<p><strong><em>\u201c[Pazuello] falou que a pessoa disse na cara dele que ia tir\u00e1-lo. Botou o dedo na cara dele e falou: \u2018Vou te tirar dessa cadeira\u2019. Ent\u00e3o ele sabe quem \u00e9\u201d<\/em><\/strong>, disse Miranda.<\/p>\n\n\n\n<p>A vers\u00e3o sobre o pixul\u00e9, por\u00e9m, foi vista dentro do pr\u00f3prio governo como o caminho encontrado por Pazuello para minimizar cr\u00edticas a sua gest\u00e3o durante a pandemia.<\/p>\n\n\n\n<p>A demiss\u00e3o do general da ativa ocorreu no momento em que o governo era cobrado para acelerar a campanha de vacina\u00e7\u00e3o contra a Covid, e Pazuello estava na mira de apura\u00e7\u00e3o da Pol\u00edcia Federal por suposta omiss\u00e3o na crise sanit\u00e1ria no Amazonas.<\/p>\n\n\n\n<p>Senadores da CPI da Covid pediram de Pazuello explica\u00e7\u00f5es sobre o seu discurso de despedida do minist\u00e9rio. O general modulou a fala e disse que n\u00e3o houve pedidos ileg\u00edtimos por verbas.<\/p>\n\n\n\n<p><strong><em>\u201cNo final do ano, \u00e9 normal ter recursos n\u00e3o aplicados em projetos, programas. Chega final de ano, come\u00e7a prefeitura, hospital [a fazer pedidos]\u2026 N\u00e3o tem nada a\u00ed ileg\u00edtimo\u201d,<\/em><\/strong> disse. <strong><em>\u201cN\u00e3o havia ningu\u00e9m recebendo nada\u201d<\/em><\/strong>, afirmou ainda o general na CPI.<\/p>\n\n\n\n<p>Al\u00e9m da briga com Lira, aliados de Pazuello dizem que o general relatou discuss\u00f5es com Ramos. O general da ativa reclamou a auxiliares que o ministro da Casa Civil dificultava a sua nomea\u00e7\u00e3o a um cargo no Pal\u00e1cio do Planalto.<\/p>\n\n\n\n<p>Os dados do Portal da Transpar\u00eancia mostram que os pedidos para direcionar repasses de verbas da emenda do relator n\u00e3o foram totalmente atendidos pelo Minist\u00e9rio da Sa\u00fade.<\/p>\n\n\n\n<p>Em um dos of\u00edcios enviados \u00e0 pasta em dezembro, por exemplo, havia sugest\u00e3o de aplicar R$ 70 milh\u00f5es no fundo estadual de sa\u00fade do Piau\u00ed, mas o minist\u00e9rio empenhou naquele m\u00eas cerca de R$ 30 milh\u00f5es para o estado. Os of\u00edcios n\u00e3o revelam quais congressistas apadrinharam as verbas.<\/p>\n\n\n\n<p>O or\u00e7amento das emendas de relator superou R$ 20 bilh\u00f5es em 2020. Do montante, cerca de R$ 3,9 bilh\u00f5es foram para o Minist\u00e9rio da Sa\u00fade.<\/p>\n\n\n\n<p>Diferentemente de outros tipos de emendas, em que h\u00e1 cota delimitada para cada congressista, o recurso nas m\u00e3os do relator do Or\u00e7amento \u00e9 distribu\u00eddo conforme arranjos pol\u00edticos.<\/p>\n\n\n\n<p>Questionado sobre os of\u00edcios, o Minist\u00e9rio da Sa\u00fade respondeu, via LAI (Lei de Acesso \u00e0 Informa\u00e7\u00e3o), que n\u00e3o h\u00e1 obriga\u00e7\u00e3o em atender os pedidos de direcionamento de verbas de emendas do relator. <strong><em>\u201cEsses of\u00edcios n\u00e3o trazem nenhuma obriga\u00e7\u00e3o ou imposi\u00e7\u00e3o para a execu\u00e7\u00e3o or\u00e7ament\u00e1ria\u201d<\/em><\/strong>, disse a pasta.<\/p>\n\n\n\n<p>O TCU (Tribunal de Contas da Uni\u00e3o) aprovou as contas de 2020 de Bolsonaro, mas fez 28 ressalvas, sendo parte delas voltadas \u00e0 melhoria da transpar\u00eancia com as emendas de relator-geral.<\/p>\n\n\n\n<p>O tribunal orientou que o governo Bolsonaro d\u00ea ampla publicidade aos documentos encaminhados aos \u00f3rg\u00e3os federais que embasaram as demandas parlamentares em 2020 para a distribui\u00e7\u00e3o dessas verbas.<\/p>\n\n\n\n<p>O TCU tamb\u00e9m recomendou que as emendas de relator-geral passem a ser registradas em plataforma eletr\u00f4nica com acesso p\u00fablico, com garantia de comparabilidade e rastreabilidade de pedidos e sua respectiva execu\u00e7\u00e3o.<\/p>\n\n\n\n<p><em>Fonte: Canabrava FM<\/em><\/p>\n\n\n\n<p><em>Com informa\u00e7\u00f5es: <\/em><em>Ag\u00eancia Brasil<\/em><\/p>\n","protected":false},"excerpt":{"rendered":"<p>O ex-ministro Eduardo Pazuello (Sa\u00fade) disse a aliados que foi pressionado pelo presidente da C\u00e2mara, Arthur Lira (PP-AL), e pelo ministro Luiz Eduardo Ramos (Casa Civil) a distribuir verbas para apoiadores do governo. A base do governo no Congresso \u00e9 formada por partidos do chamado centr\u00e3o.<\/p>\n","protected":false},"author":2,"featured_media":32980,"comment_status":"open","ping_status":"open","sticky":false,"template":"","format":"standard","meta":{"om_disable_all_campaigns":false,"_monsterinsights_skip_tracking":false,"_monsterinsights_sitenote_active":false,"_monsterinsights_sitenote_note":"","_monsterinsights_sitenote_category":0,"footnotes":""},"categories":[34,70,69,21,19],"tags":[93,2037,3661,541,635,4648],"class_list":["post-36421","post","type-post","status-publish","format-standard","has-post-thumbnail","hentry","category-brasil","category-destaques","category-noticias2","category-politica","category-saude","tag-brasil","tag-centrao","tag-eduardo-pazuello","tag-ex-ministro","tag-ministerio-da-saude","tag-pressao"],"aioseo_notices":[],"_links":{"self":[{"href":"https:\/\/www.portalalerta.com.br\/index.php\/wp-json\/wp\/v2\/posts\/36421","targetHints":{"allow":["GET"]}}],"collection":[{"href":"https:\/\/www.portalalerta.com.br\/index.php\/wp-json\/wp\/v2\/posts"}],"about":[{"href":"https:\/\/www.portalalerta.com.br\/index.php\/wp-json\/wp\/v2\/types\/post"}],"author":[{"embeddable":true,"href":"https:\/\/www.portalalerta.com.br\/index.php\/wp-json\/wp\/v2\/users\/2"}],"replies":[{"embeddable":true,"href":"https:\/\/www.portalalerta.com.br\/index.php\/wp-json\/wp\/v2\/comments?post=36421"}],"version-history":[{"count":1,"href":"https:\/\/www.portalalerta.com.br\/index.php\/wp-json\/wp\/v2\/posts\/36421\/revisions"}],"predecessor-version":[{"id":36425,"href":"https:\/\/www.portalalerta.com.br\/index.php\/wp-json\/wp\/v2\/posts\/36421\/revisions\/36425"}],"wp:featuredmedia":[{"embeddable":true,"href":"https:\/\/www.portalalerta.com.br\/index.php\/wp-json\/wp\/v2\/media\/32980"}],"wp:attachment":[{"href":"https:\/\/www.portalalerta.com.br\/index.php\/wp-json\/wp\/v2\/media?parent=36421"}],"wp:term":[{"taxonomy":"category","embeddable":true,"href":"https:\/\/www.portalalerta.com.br\/index.php\/wp-json\/wp\/v2\/categories?post=36421"},{"taxonomy":"post_tag","embeddable":true,"href":"https:\/\/www.portalalerta.com.br\/index.php\/wp-json\/wp\/v2\/tags?post=36421"}],"curies":[{"name":"wp","href":"https:\/\/api.w.org\/{rel}","templated":true}]}}