{"id":36422,"date":"2021-07-03T13:20:18","date_gmt":"2021-07-03T16:20:18","guid":{"rendered":"https:\/\/www.portalalerta.com.br\/?p=36422"},"modified":"2021-07-03T13:20:20","modified_gmt":"2021-07-03T16:20:20","slug":"governador-pretende-flexibilizar-restricoes-nos-proximos-dias-e-retomar-aulas-semipresenciais","status":"publish","type":"post","link":"https:\/\/www.portalalerta.com.br\/index.php\/2021\/07\/03\/governador-pretende-flexibilizar-restricoes-nos-proximos-dias-e-retomar-aulas-semipresenciais\/","title":{"rendered":"Governador pretende flexibilizar restri\u00e7\u00f5es nos pr\u00f3ximos dias e retomar aulas semipresenciais"},"content":{"rendered":"\n<p>O governador da Bahia, Rui Costa (PT), afirmou nesta sexta-feira, durante a celebra\u00e7\u00e3o do Dois de Julho, que deve anunciar nos pr\u00f3ximos dias a flexibiliza\u00e7\u00e3o de medidas restritivas diante da redu\u00e7\u00e3o de casos e mortes em decorr\u00eancia da&nbsp;Covid-19. Inicialmente, a&nbsp;expectativa \u00e9 retomar o calend\u00e1rio letivo de forma semipresencial.&nbsp;<\/p>\n\n\n\n<!--more-->\n\n\n\n<p>Na capital, os indicadores da pandemia j\u00e1 apontam para uma queda de internamentos na rede p\u00fablica\u00a0\u2014\u00a0a\u00a0taxa de\u00a0ocupa\u00e7\u00e3o nas UTIs\u00a0atingiu\u00a070%, segundo dados divulgados no in\u00edcio da semana.\u00a0\u00a0<\/p>\n\n\n\n<div class=\"wp-block-image\"><figure class=\"aligncenter size-large\"><img fetchpriority=\"high\" decoding=\"async\" width=\"720\" height=\"181\" src=\"https:\/\/www.portalalerta.com.br\/wp-content\/uploads\/2018\/02\/Auto-Escola-Nobre.jpg\" alt=\"\" class=\"wp-image-4869\" srcset=\"https:\/\/www.portalalerta.com.br\/wp-content\/uploads\/2018\/02\/Auto-Escola-Nobre.jpg 720w, https:\/\/www.portalalerta.com.br\/wp-content\/uploads\/2018\/02\/Auto-Escola-Nobre-260x65.jpg 260w, https:\/\/www.portalalerta.com.br\/wp-content\/uploads\/2018\/02\/Auto-Escola-Nobre-50x13.jpg 50w, https:\/\/www.portalalerta.com.br\/wp-content\/uploads\/2018\/02\/Auto-Escola-Nobre-150x38.jpg 150w\" sizes=\"(max-width: 720px) 100vw, 720px\" \/><\/figure><\/div>\n\n\n\n<p><strong><em>&#8220;Amanh\u00e3 eu tenho reuni\u00e3o com os prefeitos da Chapada, e, se os n\u00fameros continuarem caindo, ao longo da pr\u00f3xima semana, n\u00f3s juntos vamos anunciar novas medidas de flexibiliza\u00e7\u00e3o e, quem sabe, nos pr\u00f3ximos dias, o retorno das aulas. Estamos ansiosos para retomar e recuperar o tempo perdido na educa\u00e7\u00e3o&#8221;<\/em><\/strong>, disse o governador.<\/p>\n\n\n\n<p>Ele tamb\u00e9m sinalizou que, caso a Ag\u00eancia Nacional de Vigil\u00e2ncia Saniat\u00e1ria (Anvisa) aprove o uso da&nbsp;vacina russa Sputnik V, o estado ter\u00e1 ao menos mais 10 milh\u00f5es de doses para aplicar na popula\u00e7\u00e3o.<\/p>\n\n\n\n<p><strong><em>&#8220;A gente poderia ter 100% da popula\u00e7\u00e3o vacin\u00e1vel, acima de 18 anos, imunizada imediatamente&#8221;<\/em><\/strong>, declarou.<\/p>\n\n\n\n<p><em>Fonte: Metro1<\/em><\/p>\n","protected":false},"excerpt":{"rendered":"<p>O governador da Bahia, Rui Costa (PT), afirmou nesta sexta-feira, durante a celebra\u00e7\u00e3o do Dois de Julho, que deve anunciar nos pr\u00f3ximos dias a flexibiliza\u00e7\u00e3o de medidas restritivas diante da redu\u00e7\u00e3o de casos e mortes em decorr\u00eancia da&nbsp;Covid-19. Inicialmente, a&nbsp;expectativa \u00e9 retomar o calend\u00e1rio letivo de forma semipresencial.&nbsp;<\/p>\n","protected":false},"author":2,"featured_media":36426,"comment_status":"open","ping_status":"open","sticky":false,"template":"","format":"standard","meta":{"om_disable_all_campaigns":false,"_monsterinsights_skip_tracking":false,"_monsterinsights_sitenote_active":false,"_monsterinsights_sitenote_note":"","_monsterinsights_sitenote_category":0,"footnotes":""},"categories":[33,70,20,69,19],"tags":[1154,54,3429,3486,3503,3726,283,282,61],"class_list":["post-36422","post","type-post","status-publish","format-standard","has-post-thumbnail","hentry","category-bahia","category-destaques","category-educacao","category-noticias2","category-saude","tag-aulas","tag-bahia","tag-coronavirus","tag-covid-19","tag-decreto-estadual","tag-flexibilizacao","tag-governador","tag-rui-costa","tag-saude"],"aioseo_notices":[],"_links":{"self":[{"href":"https:\/\/www.portalalerta.com.br\/index.php\/wp-json\/wp\/v2\/posts\/36422","targetHints":{"allow":["GET"]}}],"collection":[{"href":"https:\/\/www.portalalerta.com.br\/index.php\/wp-json\/wp\/v2\/posts"}],"about":[{"href":"https:\/\/www.portalalerta.com.br\/index.php\/wp-json\/wp\/v2\/types\/post"}],"author":[{"embeddable":true,"href":"https:\/\/www.portalalerta.com.br\/index.php\/wp-json\/wp\/v2\/users\/2"}],"replies":[{"embeddable":true,"href":"https:\/\/www.portalalerta.com.br\/index.php\/wp-json\/wp\/v2\/comments?post=36422"}],"version-history":[{"count":1,"href":"https:\/\/www.portalalerta.com.br\/index.php\/wp-json\/wp\/v2\/posts\/36422\/revisions"}],"predecessor-version":[{"id":36427,"href":"https:\/\/www.portalalerta.com.br\/index.php\/wp-json\/wp\/v2\/posts\/36422\/revisions\/36427"}],"wp:featuredmedia":[{"embeddable":true,"href":"https:\/\/www.portalalerta.com.br\/index.php\/wp-json\/wp\/v2\/media\/36426"}],"wp:attachment":[{"href":"https:\/\/www.portalalerta.com.br\/index.php\/wp-json\/wp\/v2\/media?parent=36422"}],"wp:term":[{"taxonomy":"category","embeddable":true,"href":"https:\/\/www.portalalerta.com.br\/index.php\/wp-json\/wp\/v2\/categories?post=36422"},{"taxonomy":"post_tag","embeddable":true,"href":"https:\/\/www.portalalerta.com.br\/index.php\/wp-json\/wp\/v2\/tags?post=36422"}],"curies":[{"name":"wp","href":"https:\/\/api.w.org\/{rel}","templated":true}]}}