{"id":36423,"date":"2021-07-03T14:16:52","date_gmt":"2021-07-03T17:16:52","guid":{"rendered":"https:\/\/www.portalalerta.com.br\/?p=36423"},"modified":"2021-07-03T14:16:54","modified_gmt":"2021-07-03T17:16:54","slug":"rui-costa-diz-ser-favoravel-a-inclusao-de-tucano-para-contar-com-os-atendimentos-da-policlinica-regional-de-ribeira-do-pombal","status":"publish","type":"post","link":"https:\/\/www.portalalerta.com.br\/index.php\/2021\/07\/03\/rui-costa-diz-ser-favoravel-a-inclusao-de-tucano-para-contar-com-os-atendimentos-da-policlinica-regional-de-ribeira-do-pombal\/","title":{"rendered":"Rui Costa diz ser favor\u00e1vel a inclus\u00e3o de Tucano para contar com os atendimentos da Policl\u00ednica Regional de Ribeira do Pombal"},"content":{"rendered":"\n<p>Em entrevista coletiva na \u00faltima quarta-feira (30), o Governador da Bahia Rui Costa foi questionado pelo site <strong>\u201cFIQUE POR DENTRO AGORA\u201d<\/strong> sobre o munic\u00edpio de Tucano-BA usufruir tamb\u00e9m dos atendimentos ofertados pela Policl\u00ednica Regional que fica a 30 km de dist\u00e2ncia na cidade vizinha Ribeira do Pombal-BA.<\/p>\n\n\n\n<!--more-->\n\n\n\n<p>Rui se diz favor\u00e1vel \u00e0 participa\u00e7\u00e3o dos munic\u00edpios levando em considera\u00e7\u00e3o a dist\u00e2ncia. <strong><em>\u201cEu sou a favor de todos os munic\u00edpios participarem das Policl\u00ednicas organizando pelas distancias geogr\u00e1ficas. Tucano a princ\u00edpio estava na regional de sa\u00fade de Serrinha, s\u00f3 que Tucano est\u00e1 mais perto de Pombal e mais distante de Serrinha. Ent\u00e3o n\u00f3s vamos trabalhar e n\u00f3s temos posi\u00e7\u00e3o favor\u00e1vel para buscar o consenso e inclus\u00e3o de Tucano nesse conjunto de munic\u00edpios, atendendo mais confortavelmente as pessoas, dando mais seguran\u00e7a, n\u00f3s vamos contorna isso e queremos a participa\u00e7\u00e3o de todos inclusive de Tucano\u201d<\/em><\/strong>.<\/p>\n\n\n\n<p>A assessoria de comunica\u00e7\u00e3o enviou uma nota, confirmando a inaugura\u00e7\u00e3o e a inclus\u00e3o de Tucano na lista de munic\u00edpios beneficiados com os atendimentos que ser\u00e3o realizados na Policl\u00ednica.<\/p>\n\n\n\n<div data-mvc-banner=\"leaderboard\"><\/div><script type=\"text\/javascript\"> (function(storeName) { var b = document.createElement('script'); b.type = 'text\/javascript'; b.async = true; b.src = 'https:\/\/www.magazinevoce.com.br\/js\/banner.js?store='+ storeName; var s = document.getElementsByTagName('script')[0]; s.parentNode.insertBefore(b, s); })('Nvscosta'); <\/script>\n\n\n\n<p><strong><em>\u201cA Policl\u00ednica Regional de Sa\u00fade implantada em Ribeira do Pombal ser\u00e1 inaugurada no dia 09 de julho. O an\u00fancio foi feito nesta quarta-feira (30) pelo governador Rui Costa, em transmiss\u00e3o ao vivo pelas redes sociais. O equipamento vai beneficiar a popula\u00e7\u00e3o de 16 cidades que integram o Cons\u00f3rcio de Sa\u00fade Nordeste II, do qual fazem parte Adustina, Antas, Banza\u00ea, C\u00edcero Dantas, Cip\u00f3, Coronel Jo\u00e3o S\u00e1, F\u00e1tima, Heli\u00f3polis, Nova Soure, Novo Triunfo, Olindina, Paripiranga, Ribeira do Amparo, Ribeira do Pombal, S\u00edtio do Quinto e Tucano\u201d<\/em><\/strong> diz a nota enviada pela assessoria do Governador.<\/p>\n\n\n\n<p>Vale lembrar que o munic\u00edpio de Tucano est\u00e1 tentando ingressar no cons\u00f3rcio, mas a \u00faltima decis\u00e3o judicial proferida pela Desembargadora Gard\u00eania Pereira Duarte, do Tribuna de Justi\u00e7a da Bahia,\u00a0<a href=\"https:\/\/www.portalalerta.com.br\/index.php\/2021\/06\/22\/em-nova-decisao-da-justica-tucano-ba-volta-a-ficar-fora-do-coisan\/\">fez com que o munic\u00edpio de Tucano-BA voltasse a ficar fora do COISAN<\/a>\u00a0(Cons\u00f3rcio Interfederativo de Sa\u00fade Nordeste II).<\/p>\n\n\n\n<p>Fonte: Fique Por Dentro Agora<\/p>\n","protected":false},"excerpt":{"rendered":"<p>Em entrevista coletiva na \u00faltima quarta-feira (30), o Governador da Bahia Rui Costa foi questionado pelo site \u201cFIQUE POR DENTRO AGORA\u201d sobre o munic\u00edpio de Tucano-BA usufruir tamb\u00e9m dos atendimentos ofertados pela Policl\u00ednica Regional que fica a 30 km de dist\u00e2ncia na cidade vizinha Ribeira do Pombal-BA.<\/p>\n","protected":false},"author":2,"featured_media":32428,"comment_status":"open","ping_status":"open","sticky":false,"template":"","format":"standard","meta":{"om_disable_all_campaigns":false,"_monsterinsights_skip_tracking":false,"_monsterinsights_sitenote_active":false,"_monsterinsights_sitenote_note":"","_monsterinsights_sitenote_category":0,"footnotes":""},"categories":[70,69,32,3,19,12],"tags":[281,283,1534,47,282,190],"class_list":["post-36423","post","type-post","status-publish","format-standard","has-post-thumbnail","hentry","category-destaques","category-noticias2","category-regiao","category-ribeira-do-pombal","category-saude","category-tucano","tag-coisan","tag-governador","tag-policlinica","tag-ribeira-do-pombal","tag-rui-costa","tag-tucano"],"aioseo_notices":[],"_links":{"self":[{"href":"https:\/\/www.portalalerta.com.br\/index.php\/wp-json\/wp\/v2\/posts\/36423","targetHints":{"allow":["GET"]}}],"collection":[{"href":"https:\/\/www.portalalerta.com.br\/index.php\/wp-json\/wp\/v2\/posts"}],"about":[{"href":"https:\/\/www.portalalerta.com.br\/index.php\/wp-json\/wp\/v2\/types\/post"}],"author":[{"embeddable":true,"href":"https:\/\/www.portalalerta.com.br\/index.php\/wp-json\/wp\/v2\/users\/2"}],"replies":[{"embeddable":true,"href":"https:\/\/www.portalalerta.com.br\/index.php\/wp-json\/wp\/v2\/comments?post=36423"}],"version-history":[{"count":1,"href":"https:\/\/www.portalalerta.com.br\/index.php\/wp-json\/wp\/v2\/posts\/36423\/revisions"}],"predecessor-version":[{"id":36429,"href":"https:\/\/www.portalalerta.com.br\/index.php\/wp-json\/wp\/v2\/posts\/36423\/revisions\/36429"}],"wp:featuredmedia":[{"embeddable":true,"href":"https:\/\/www.portalalerta.com.br\/index.php\/wp-json\/wp\/v2\/media\/32428"}],"wp:attachment":[{"href":"https:\/\/www.portalalerta.com.br\/index.php\/wp-json\/wp\/v2\/media?parent=36423"}],"wp:term":[{"taxonomy":"category","embeddable":true,"href":"https:\/\/www.portalalerta.com.br\/index.php\/wp-json\/wp\/v2\/categories?post=36423"},{"taxonomy":"post_tag","embeddable":true,"href":"https:\/\/www.portalalerta.com.br\/index.php\/wp-json\/wp\/v2\/tags?post=36423"}],"curies":[{"name":"wp","href":"https:\/\/api.w.org\/{rel}","templated":true}]}}