{"id":36424,"date":"2021-07-03T14:08:12","date_gmt":"2021-07-03T17:08:12","guid":{"rendered":"https:\/\/www.portalalerta.com.br\/?p=36424"},"modified":"2021-07-03T14:08:13","modified_gmt":"2021-07-03T17:08:13","slug":"pgr-quer-ouvir-bolsonaro-no-inquerito-de-prevaricacao-em-caso-da-vacina-covaxin","status":"publish","type":"post","link":"https:\/\/www.portalalerta.com.br\/index.php\/2021\/07\/03\/pgr-quer-ouvir-bolsonaro-no-inquerito-de-prevaricacao-em-caso-da-vacina-covaxin\/","title":{"rendered":"PGR quer ouvir Bolsonaro no inqu\u00e9rito de prevarica\u00e7\u00e3o em caso da vacina Covaxin"},"content":{"rendered":"\n<p>A Procuradoria Geral da Rep\u00fablica (PGR) quer ouvir o presidente Jair Bolsonaro no \u00e2mbito do inqu\u00e9rito instaurado nesta sexta-feira (2) para apurar as suspeitas de prevarica\u00e7\u00e3o envolvendo supostas irregularidades no contrato de compra da vacina Covaxin.<\/p>\n\n\n\n<!--more-->\n\n\n\n<div class=\"wp-block-image\"><figure class=\"alignleft size-large is-resized\"><img fetchpriority=\"high\" decoding=\"async\" src=\"https:\/\/www.portalalerta.com.br\/wp-content\/uploads\/2021\/03\/Real-Calcados.jpeg\" alt=\"\" class=\"wp-image-33350\" width=\"318\" height=\"318\"\/><\/figure><\/div>\n\n\n\n<p>A den\u00fancia foi feita pelo servidor do Minist\u00e9rio da Sa\u00fade, Luis Ricardo Miranda, ao Minist\u00e9rio P\u00fablico Federal. Ele contou que sofreu press\u00e3o para liberar a importa\u00e7\u00e3o dos imunizantes por interesses pol\u00edticos e informou ao presidente. Prevarica\u00e7\u00e3o \u00e9 quando um funcion\u00e1rio p\u00fablico \u00e9 informado de uma irregularidade, mas retarda sua a\u00e7\u00e3o ou deixa de atuar para que ela seja apurada e punida.<\/p>\n\n\n\n<p>O despacho de abertura do inqu\u00e9rito determina que sejam ouvidos os \u201cautores do fato\u201d. Apesar de n\u00e3o haver a cita\u00e7\u00e3o nominal, o entendimento da PGR \u00e9 que Bolsonaro \u00e9 uma das pessoas a serem ouvidas sobre o epis\u00f3dio.&nbsp;<\/p>\n\n\n\n<p><em>Fonte: Metro1<\/em><\/p>\n","protected":false},"excerpt":{"rendered":"<p>A Procuradoria Geral da Rep\u00fablica (PGR) quer ouvir o presidente Jair Bolsonaro no \u00e2mbito do inqu\u00e9rito instaurado nesta sexta-feira (2) para apurar as suspeitas de prevarica\u00e7\u00e3o envolvendo supostas irregularidades no contrato de compra da vacina Covaxin.<\/p>\n","protected":false},"author":2,"featured_media":36217,"comment_status":"open","ping_status":"open","sticky":false,"template":"","format":"standard","meta":{"om_disable_all_campaigns":false,"_monsterinsights_skip_tracking":false,"_monsterinsights_sitenote_active":false,"_monsterinsights_sitenote_note":"","_monsterinsights_sitenote_category":0,"footnotes":""},"categories":[34,70,69,21,19],"tags":[93,4559,1395,411,4635],"class_list":["post-36424","post","type-post","status-publish","format-standard","has-post-thumbnail","hentry","category-brasil","category-destaques","category-noticias2","category-politica","category-saude","tag-brasil","tag-covaxin","tag-jair-bolsonaro","tag-pgr","tag-prevaricacao"],"aioseo_notices":[],"_links":{"self":[{"href":"https:\/\/www.portalalerta.com.br\/index.php\/wp-json\/wp\/v2\/posts\/36424","targetHints":{"allow":["GET"]}}],"collection":[{"href":"https:\/\/www.portalalerta.com.br\/index.php\/wp-json\/wp\/v2\/posts"}],"about":[{"href":"https:\/\/www.portalalerta.com.br\/index.php\/wp-json\/wp\/v2\/types\/post"}],"author":[{"embeddable":true,"href":"https:\/\/www.portalalerta.com.br\/index.php\/wp-json\/wp\/v2\/users\/2"}],"replies":[{"embeddable":true,"href":"https:\/\/www.portalalerta.com.br\/index.php\/wp-json\/wp\/v2\/comments?post=36424"}],"version-history":[{"count":1,"href":"https:\/\/www.portalalerta.com.br\/index.php\/wp-json\/wp\/v2\/posts\/36424\/revisions"}],"predecessor-version":[{"id":36428,"href":"https:\/\/www.portalalerta.com.br\/index.php\/wp-json\/wp\/v2\/posts\/36424\/revisions\/36428"}],"wp:featuredmedia":[{"embeddable":true,"href":"https:\/\/www.portalalerta.com.br\/index.php\/wp-json\/wp\/v2\/media\/36217"}],"wp:attachment":[{"href":"https:\/\/www.portalalerta.com.br\/index.php\/wp-json\/wp\/v2\/media?parent=36424"}],"wp:term":[{"taxonomy":"category","embeddable":true,"href":"https:\/\/www.portalalerta.com.br\/index.php\/wp-json\/wp\/v2\/categories?post=36424"},{"taxonomy":"post_tag","embeddable":true,"href":"https:\/\/www.portalalerta.com.br\/index.php\/wp-json\/wp\/v2\/tags?post=36424"}],"curies":[{"name":"wp","href":"https:\/\/api.w.org\/{rel}","templated":true}]}}