{"id":36483,"date":"2021-07-06T10:03:00","date_gmt":"2021-07-06T13:03:00","guid":{"rendered":"https:\/\/www.portalalerta.com.br\/?p=36483"},"modified":"2021-07-06T01:23:37","modified_gmt":"2021-07-06T04:23:37","slug":"apos-episodio-do-hospital-acm-portugues-dr-igor-renuncia-ao-cargo-de-diretor-da-unidade-em-euclides-da-cunha-ba-e-afirma-questao-politica-local","status":"publish","type":"post","link":"https:\/\/www.portalalerta.com.br\/index.php\/2021\/07\/06\/apos-episodio-do-hospital-acm-portugues-dr-igor-renuncia-ao-cargo-de-diretor-da-unidade-em-euclides-da-cunha-ba-e-afirma-questao-politica-local\/","title":{"rendered":"Ap\u00f3s epis\u00f3dio do Hospital ACM Portugu\u00eas, Dr. Igor renuncia ao cargo de Diretor da Unidade, em Euclides da Cunha-BA, e afirma: \u201cQuest\u00e3o Pol\u00edtica local\u201d!"},"content":{"rendered":"\n<p>Ap\u00f3s um acompanhante de um paciente, atendido na noite do \u00faltimo dia 30, no Hospital ACM\/ Portugu\u00eas, fazer uma den\u00fancia de exerc\u00edcio ilegal de medicina, o Diretor e M\u00e9dico da Unidade, Dr. Igor Moreira Nunes, resolveu entregar o cargo diretivo.<\/p>\n\n\n\n<!--more-->\n\n\n\n<p>Na \u00e9poca o denunciante afirmou que um homem identificado como Antonio Marinho Souza Neto, estaria realizando atendimento como se fosse o referido m\u00e9dico, inclusive assinando e utilizando o carimbo do mesmo, tudo com a coniv\u00eancia do gestor hospitalar.<strong><a href=\"https:\/\/www.portalalerta.com.br\/index.php\/2021\/07\/02\/denuncia-falso-medico-e-flagrado-realizando-atendimento-no-hospital-acm-portugues-em-euclides-da-cunha-ba-segundo-denunciante-medico-tinha-conhecimento-da-irregularidade\/\"> Relembre<\/a><\/strong><\/p>\n\n\n\n<div class=\"wp-block-image\"><figure class=\"alignleft size-large is-resized\"><img fetchpriority=\"high\" decoding=\"async\" src=\"https:\/\/www.portalalerta.com.br\/wp-content\/uploads\/2021\/04\/ELAB.jpg\" alt=\"\" class=\"wp-image-34795\" width=\"282\" height=\"226\" srcset=\"https:\/\/www.portalalerta.com.br\/wp-content\/uploads\/2021\/04\/ELAB.jpg 1000w, https:\/\/www.portalalerta.com.br\/wp-content\/uploads\/2021\/04\/ELAB-300x240.jpg 300w, https:\/\/www.portalalerta.com.br\/wp-content\/uploads\/2021\/04\/ELAB-768x614.jpg 768w, https:\/\/www.portalalerta.com.br\/wp-content\/uploads\/2021\/04\/ELAB-183x146.jpg 183w, https:\/\/www.portalalerta.com.br\/wp-content\/uploads\/2021\/04\/ELAB-50x40.jpg 50w, https:\/\/www.portalalerta.com.br\/wp-content\/uploads\/2021\/04\/ELAB-94x75.jpg 94w\" sizes=\"(max-width: 282px) 100vw, 282px\" \/><\/figure><\/div>\n\n\n\n<p>O PORTAL ALERTA tentou manter contato com a Unidade, com o m\u00e9dico, bem como com o Secret\u00e1rio Municipal de Sa\u00fade, por\u00e9m sem sucesso.<\/p>\n\n\n\n<p>Nesta segunda-feira (05), Dr. Igor quebrou o sil\u00eancio, e se pronunciou por meio de uma nota, onde colocou o seu cargo \u00e0 disposi\u00e7\u00e3o, tratando a den\u00fancia como <strong>\u201cQuest\u00e3o Pol\u00edtica Local\u201d.<\/strong> Confira:<\/p>\n\n\n\n<p><strong><em>\u201cNOTA DE ESCLARECIMENTO<\/em><\/strong><\/p>\n\n\n\n<p><strong><em>03 de julho de 2021<\/em><\/strong><\/p>\n\n\n\n<p><strong><em>Eu, Dr. Igor Moreira Nunes, venho a p\u00fablico inicialmente agradecer a Popula\u00e7\u00e3o de Euclides da Cunha por cerca de 14 anos de exerc\u00edcio de uma medicina humanizada tendo a honra e a oportunidade de cuidar da sa\u00fade de todos. Iniciei meu trabalho em 2007 na gest\u00e3o da ex-prefeita, Dona Rosangela Lemos Maia de Abreu, dando continuidade com a ex-prefeita Maria de F\u00e1tima Nunes Soares, e atualmente com o prefeito Luciano Pinheiro Damasceno e Santos. Nunca houve sequer um problema pol\u00edtico com nenhuma gest\u00e3o municipal, e sempre atendendo tamb\u00e9m aos vereadores a quem agrade\u00e7o mais uma vez pelo t\u00edtulo de cidad\u00e3o euclidense concedido por eles a mim recentemente. Infelizmente estou vendo meu nome envolvido desde o dia 30 de junho de 2021 numa quest\u00e3o pol\u00edtica local e apesar de j\u00e1 ter sido prefeito da cidade vizinha, Tucano, eu n\u00e3o quero me envolver com tais quest\u00f5es na cidade de Euclides. Entendo que meu papel por aqui \u00e9 estritamente profissional e \u00e9 assim que a parceria tem dado certo. Tenho muito orgulho de ter colaborado com ensinamentos t\u00e9cnicos para internos de medicina, incluindo os filhos de Euclides da Cunha, atualmente colegas m\u00e9dicos e grandes profissionais. Cabe a mim contribuir com o aperfei\u00e7oamento dos conhecimentos adquiridos por todos e orientar sempre para melhor tomada de decis\u00e3o em favor do paciente, o que foi feito no caso do atendimento em evid\u00eancia no munic\u00edpio, n\u00e3o ocasionando assim nenhum preju\u00edzo a sa\u00fade do paciente. E para que n\u00e3o se prossigam ou surjam d\u00favidas quanto aos procedimentos que foram adotados em respeito \u00e0 prefeitura de Euclides da Cunha e ao Hospital Portugu\u00eas, comunico que estou deixando \u00e0 disposi\u00e7\u00e3o, no entanto, a fun\u00e7\u00e3o de Diretor M\u00e9dico da Unidade Hospitalar ACM exercida atualmente por mim por entender que esta seja a decis\u00e3o mais apropriada nesse momento. Sou muito grato pela oportunidade que me foi dada no munic\u00edpio e continuarei cuidando da sa\u00fade dos euclidenses como tenho feito durante 14 anos.<\/em><\/strong><\/p>\n\n\n\n<p><strong><em>Atenciosamente,<\/em><\/strong><\/p>\n\n\n\n<p><strong><em>Dr. Igor Moreira Nunes<\/em><\/strong><\/p>\n\n\n\n<p><strong><em>CRM-BA: 18.815\u201d<\/em><\/strong><\/p>\n\n\n\n<p><em>Reda\u00e7\u00e3o: Portal Alerta<\/em><\/p>\n\n\n\n<p><strong><em>#fiqueemcasa<\/em><\/strong><\/p>\n\n\n\n<p><strong><em>#usemascaras<\/em><\/strong><\/p>\n","protected":false},"excerpt":{"rendered":"<p>Ap\u00f3s um acompanhante de um paciente, atendido na noite do \u00faltimo dia 30, no Hospital ACM\/ Portugu\u00eas, fazer uma den\u00fancia de exerc\u00edcio ilegal de medicina, o Diretor e M\u00e9dico da Unidade, Dr. Igor Moreira Nunes, resolveu entregar o cargo diretivo.<\/p>\n","protected":false},"author":2,"featured_media":36488,"comment_status":"open","ping_status":"open","sticky":false,"template":"","format":"standard","meta":{"om_disable_all_campaigns":false,"_monsterinsights_skip_tracking":false,"_monsterinsights_sitenote_active":false,"_monsterinsights_sitenote_note":"","_monsterinsights_sitenote_category":0,"footnotes":""},"categories":[70,17,69,21,32,19],"tags":[4423,3375,129,196,983,199,4654],"class_list":["post-36483","post","type-post","status-publish","format-standard","has-post-thumbnail","hentry","category-destaques","category-euclides-da-cunha","category-noticias2","category-politica","category-regiao","category-saude","tag-direcao","tag-dr-igor","tag-euclides-da-cunha","tag-exercicio-ilegal-da-profissao","tag-hospital-acm-portugues","tag-politica","tag-renuncia-2"],"aioseo_notices":[],"_links":{"self":[{"href":"https:\/\/www.portalalerta.com.br\/index.php\/wp-json\/wp\/v2\/posts\/36483","targetHints":{"allow":["GET"]}}],"collection":[{"href":"https:\/\/www.portalalerta.com.br\/index.php\/wp-json\/wp\/v2\/posts"}],"about":[{"href":"https:\/\/www.portalalerta.com.br\/index.php\/wp-json\/wp\/v2\/types\/post"}],"author":[{"embeddable":true,"href":"https:\/\/www.portalalerta.com.br\/index.php\/wp-json\/wp\/v2\/users\/2"}],"replies":[{"embeddable":true,"href":"https:\/\/www.portalalerta.com.br\/index.php\/wp-json\/wp\/v2\/comments?post=36483"}],"version-history":[{"count":1,"href":"https:\/\/www.portalalerta.com.br\/index.php\/wp-json\/wp\/v2\/posts\/36483\/revisions"}],"predecessor-version":[{"id":36489,"href":"https:\/\/www.portalalerta.com.br\/index.php\/wp-json\/wp\/v2\/posts\/36483\/revisions\/36489"}],"wp:featuredmedia":[{"embeddable":true,"href":"https:\/\/www.portalalerta.com.br\/index.php\/wp-json\/wp\/v2\/media\/36488"}],"wp:attachment":[{"href":"https:\/\/www.portalalerta.com.br\/index.php\/wp-json\/wp\/v2\/media?parent=36483"}],"wp:term":[{"taxonomy":"category","embeddable":true,"href":"https:\/\/www.portalalerta.com.br\/index.php\/wp-json\/wp\/v2\/categories?post=36483"},{"taxonomy":"post_tag","embeddable":true,"href":"https:\/\/www.portalalerta.com.br\/index.php\/wp-json\/wp\/v2\/tags?post=36483"}],"curies":[{"name":"wp","href":"https:\/\/api.w.org\/{rel}","templated":true}]}}