{"id":36493,"date":"2021-07-06T15:25:54","date_gmt":"2021-07-06T18:25:54","guid":{"rendered":"https:\/\/www.portalalerta.com.br\/?p=36493"},"modified":"2021-07-06T15:25:55","modified_gmt":"2021-07-06T18:25:55","slug":"pessoas-com-43-anos-ou-mais-serao-vacinadas-contra-a-covid-19-em-nova-soure-ba-nesta-quarta-feira-07","status":"publish","type":"post","link":"https:\/\/www.portalalerta.com.br\/index.php\/2021\/07\/06\/pessoas-com-43-anos-ou-mais-serao-vacinadas-contra-a-covid-19-em-nova-soure-ba-nesta-quarta-feira-07\/","title":{"rendered":"Pessoas com 43 anos ou mais ser\u00e3o vacinadas contra a Covid-19 em Nova Soure-BA, nesta quarta-feira (07)"},"content":{"rendered":"\n<p>O munic\u00edpio de Nova Soure-BA divulgou que nesta quarta-feira (07) estar\u00e1 vacinando contra a Covid-19 (Coronav\u00edrus), pessoas com 43 anos ou mais.<\/p>\n\n\n\n<!--more-->\n\n\n\n<div class=\"wp-block-image\"><figure class=\"alignleft size-large is-resized\"><img fetchpriority=\"high\" decoding=\"async\" src=\"https:\/\/www.portalalerta.com.br\/wp-content\/uploads\/2021\/04\/ELAB.jpg\" alt=\"\" class=\"wp-image-34795\" width=\"304\" height=\"243\" srcset=\"https:\/\/www.portalalerta.com.br\/wp-content\/uploads\/2021\/04\/ELAB.jpg 1000w, https:\/\/www.portalalerta.com.br\/wp-content\/uploads\/2021\/04\/ELAB-300x240.jpg 300w, https:\/\/www.portalalerta.com.br\/wp-content\/uploads\/2021\/04\/ELAB-768x614.jpg 768w, https:\/\/www.portalalerta.com.br\/wp-content\/uploads\/2021\/04\/ELAB-183x146.jpg 183w, https:\/\/www.portalalerta.com.br\/wp-content\/uploads\/2021\/04\/ELAB-50x40.jpg 50w, https:\/\/www.portalalerta.com.br\/wp-content\/uploads\/2021\/04\/ELAB-94x75.jpg 94w\" sizes=\"(max-width: 304px) 100vw, 304px\" \/><\/figure><\/div>\n\n\n\n<p>As pessoas que se enquadrarem na referida faixa et\u00e1ria dever\u00e3o comparecer aos Postos de Sa\u00fade em que estiverem cadastradas, munidas dos seguintes documentos: <strong>cart\u00e3o SUS, Cart\u00e3o de Vacina\u00e7\u00e3o e Comprovante de Resid\u00eancia<\/strong>.<\/p>\n\n\n\n<p>A imuniza\u00e7\u00e3o ser\u00e1 realizada das 07:30hs \u00e0s 12hs.<\/p>\n\n\n\n<p><em>Reda\u00e7\u00e3o: Portal Alerta<\/em><\/p>\n\n\n\n<p><strong><em>#fiqueemcasa<\/em><\/strong><\/p>\n\n\n\n<p><strong><em>#usemascaras<\/em><\/strong><\/p>\n","protected":false},"excerpt":{"rendered":"<p>O munic\u00edpio de Nova Soure-BA divulgou que nesta quarta-feira (07) estar\u00e1 vacinando contra a Covid-19 (Coronav\u00edrus), pessoas com 43 anos ou mais.<\/p>\n","protected":false},"author":2,"featured_media":32420,"comment_status":"open","ping_status":"open","sticky":false,"template":"","format":"standard","meta":{"om_disable_all_campaigns":false,"_monsterinsights_skip_tracking":false,"_monsterinsights_sitenote_active":false,"_monsterinsights_sitenote_note":"","_monsterinsights_sitenote_category":0,"footnotes":""},"categories":[70,69,14,32,19],"tags":[3429,3486,106,3570,371],"class_list":["post-36493","post","type-post","status-publish","format-standard","has-post-thumbnail","hentry","category-destaques","category-noticias2","category-nova-soure","category-regiao","category-saude","tag-coronavirus","tag-covid-19","tag-nova-soure","tag-vacina","tag-vacinacao"],"aioseo_notices":[],"_links":{"self":[{"href":"https:\/\/www.portalalerta.com.br\/index.php\/wp-json\/wp\/v2\/posts\/36493","targetHints":{"allow":["GET"]}}],"collection":[{"href":"https:\/\/www.portalalerta.com.br\/index.php\/wp-json\/wp\/v2\/posts"}],"about":[{"href":"https:\/\/www.portalalerta.com.br\/index.php\/wp-json\/wp\/v2\/types\/post"}],"author":[{"embeddable":true,"href":"https:\/\/www.portalalerta.com.br\/index.php\/wp-json\/wp\/v2\/users\/2"}],"replies":[{"embeddable":true,"href":"https:\/\/www.portalalerta.com.br\/index.php\/wp-json\/wp\/v2\/comments?post=36493"}],"version-history":[{"count":1,"href":"https:\/\/www.portalalerta.com.br\/index.php\/wp-json\/wp\/v2\/posts\/36493\/revisions"}],"predecessor-version":[{"id":36498,"href":"https:\/\/www.portalalerta.com.br\/index.php\/wp-json\/wp\/v2\/posts\/36493\/revisions\/36498"}],"wp:featuredmedia":[{"embeddable":true,"href":"https:\/\/www.portalalerta.com.br\/index.php\/wp-json\/wp\/v2\/media\/32420"}],"wp:attachment":[{"href":"https:\/\/www.portalalerta.com.br\/index.php\/wp-json\/wp\/v2\/media?parent=36493"}],"wp:term":[{"taxonomy":"category","embeddable":true,"href":"https:\/\/www.portalalerta.com.br\/index.php\/wp-json\/wp\/v2\/categories?post=36493"},{"taxonomy":"post_tag","embeddable":true,"href":"https:\/\/www.portalalerta.com.br\/index.php\/wp-json\/wp\/v2\/tags?post=36493"}],"curies":[{"name":"wp","href":"https:\/\/api.w.org\/{rel}","templated":true}]}}