{"id":36494,"date":"2021-07-06T15:23:25","date_gmt":"2021-07-06T18:23:25","guid":{"rendered":"https:\/\/www.portalalerta.com.br\/?p=36494"},"modified":"2021-07-06T15:23:26","modified_gmt":"2021-07-06T18:23:26","slug":"foragido-da-justica-paulista-e-preso-pela-prf-em-ribeira-do-pombal-ba","status":"publish","type":"post","link":"https:\/\/www.portalalerta.com.br\/index.php\/2021\/07\/06\/foragido-da-justica-paulista-e-preso-pela-prf-em-ribeira-do-pombal-ba\/","title":{"rendered":"Foragido da Justi\u00e7a paulista \u00e9 preso pela PRF em Ribeira do Pombal-BA"},"content":{"rendered":"\n<p>No in\u00edcio da tarde de segunda-feira (05), um homem de 40 anos foi preso pela Pol\u00edcia Rodovi\u00e1ria Federal na Bahia. Em desfavor dele a equipe policial verificou a exist\u00eancia de um mandado&nbsp;de pris\u00e3o em aberto.<\/p>\n\n\n\n<!--more-->\n\n\n\n<div data-mvc-banner=\"leaderboard\"><\/div><script type=\"text\/javascript\"> (function(storeName) { var b = document.createElement('script'); b.type = 'text\/javascript'; b.async = true; b.src = 'https:\/\/www.magazinevoce.com.br\/js\/banner.js?store='+ storeName; var s = document.getElementsByTagName('script')[0]; s.parentNode.insertBefore(b, s); })('Nvscosta'); <\/script>\n\n\n\n<p>As equipes fiscalizavam o KM 170 da BR 110, trecho de&nbsp;Ribeira&nbsp;do&nbsp;Pombal&nbsp;(BA), quando&nbsp;abordaram um Ford\/Focus para averigua\u00e7\u00e3o e, identificaram a exist\u00eancia&nbsp;do&nbsp;documento expedido&nbsp;pela Justi\u00e7a paulista em outubro&nbsp;do&nbsp;ano de 2019.<\/p>\n\n\n\n<p>Diante&nbsp;dos fatos, ele foi preso e encaminhado&nbsp;\u00e0 Delegacia de Pol\u00edcia Judici\u00e1ria local onde ser\u00e3o adotadas as medidas cab\u00edveis.<\/p>\n\n\n\n<p><em>Fonte: Gov.br<\/em><\/p>\n","protected":false},"excerpt":{"rendered":"<p>No in\u00edcio da tarde de segunda-feira (05), um homem de 40 anos foi preso pela Pol\u00edcia Rodovi\u00e1ria Federal na Bahia. Em desfavor dele a equipe policial verificou a exist\u00eancia de um mandado&nbsp;de pris\u00e3o em aberto.<\/p>\n","protected":false},"author":2,"featured_media":5295,"comment_status":"open","ping_status":"open","sticky":false,"template":"","format":"standard","meta":{"om_disable_all_campaigns":false,"_monsterinsights_skip_tracking":false,"_monsterinsights_sitenote_active":false,"_monsterinsights_sitenote_note":"","_monsterinsights_sitenote_category":0,"footnotes":""},"categories":[34,70,69,32,3,22],"tags":[488,77,149,47,404],"class_list":["post-36494","post","type-post","status-publish","format-standard","has-post-thumbnail","hentry","category-brasil","category-destaques","category-noticias2","category-regiao","category-ribeira-do-pombal","category-seguranca","tag-mandado-de-prisao","tag-preso","tag-prf","tag-ribeira-do-pombal","tag-sao-paulo"],"aioseo_notices":[],"_links":{"self":[{"href":"https:\/\/www.portalalerta.com.br\/index.php\/wp-json\/wp\/v2\/posts\/36494","targetHints":{"allow":["GET"]}}],"collection":[{"href":"https:\/\/www.portalalerta.com.br\/index.php\/wp-json\/wp\/v2\/posts"}],"about":[{"href":"https:\/\/www.portalalerta.com.br\/index.php\/wp-json\/wp\/v2\/types\/post"}],"author":[{"embeddable":true,"href":"https:\/\/www.portalalerta.com.br\/index.php\/wp-json\/wp\/v2\/users\/2"}],"replies":[{"embeddable":true,"href":"https:\/\/www.portalalerta.com.br\/index.php\/wp-json\/wp\/v2\/comments?post=36494"}],"version-history":[{"count":1,"href":"https:\/\/www.portalalerta.com.br\/index.php\/wp-json\/wp\/v2\/posts\/36494\/revisions"}],"predecessor-version":[{"id":36497,"href":"https:\/\/www.portalalerta.com.br\/index.php\/wp-json\/wp\/v2\/posts\/36494\/revisions\/36497"}],"wp:featuredmedia":[{"embeddable":true,"href":"https:\/\/www.portalalerta.com.br\/index.php\/wp-json\/wp\/v2\/media\/5295"}],"wp:attachment":[{"href":"https:\/\/www.portalalerta.com.br\/index.php\/wp-json\/wp\/v2\/media?parent=36494"}],"wp:term":[{"taxonomy":"category","embeddable":true,"href":"https:\/\/www.portalalerta.com.br\/index.php\/wp-json\/wp\/v2\/categories?post=36494"},{"taxonomy":"post_tag","embeddable":true,"href":"https:\/\/www.portalalerta.com.br\/index.php\/wp-json\/wp\/v2\/tags?post=36494"}],"curies":[{"name":"wp","href":"https:\/\/api.w.org\/{rel}","templated":true}]}}