{"id":36499,"date":"2021-07-07T07:00:00","date_gmt":"2021-07-07T10:00:00","guid":{"rendered":"https:\/\/www.portalalerta.com.br\/?p=36499"},"modified":"2021-07-06T23:00:30","modified_gmt":"2021-07-07T02:00:30","slug":"daniel-silveira-pede-asilo-a-quatro-embaixadas-e-todas-recusam","status":"publish","type":"post","link":"https:\/\/www.portalalerta.com.br\/index.php\/2021\/07\/07\/daniel-silveira-pede-asilo-a-quatro-embaixadas-e-todas-recusam\/","title":{"rendered":"Daniel Silveira pede asilo a quatro embaixadas e todas recusam"},"content":{"rendered":"\n<p>O deputado feredal\u00a0Daniel Silveira\u00a0(PSL-RJ) teve quatro pedidos de asilo diplom\u00e1tico recusados. O parlamentar bolsonarista, que j\u00e1 havia sido preso em fevereiro,\u00a0foi detido novamente no m\u00eas passado por desrespeitar o uso de tornozeleira eletr\u00f4nica 36 vezes.<\/p>\n\n\n\n<!--more-->\n\n\n\n<p>De acordo com o jornal Metr\u00f3poles, a defesa do deputado n\u00e3o revela a quais embaixadas foram feitas as solicita\u00e7\u00f5es, mas diz que tr\u00eas foram para pa\u00edses europeus e uma para a representa\u00e7\u00e3o de um pa\u00eds asi\u00e1tico.<\/p>\n\n\n\n<p>Ainda segundo a defesa, as recusas ocorreram devido ao fato de os pa\u00edses n\u00e3o serem signat\u00e1rios da Carta de Caracas \u2014 documento que trata de asilo pol\u00edtico \u2014, o que inviabiliza a concess\u00e3o de asilo.&nbsp;<\/p>\n\n\n\n<div class=\"wp-block-image\"><figure class=\"aligncenter size-large\"><img fetchpriority=\"high\" decoding=\"async\" width=\"720\" height=\"181\" src=\"https:\/\/www.portalalerta.com.br\/wp-content\/uploads\/2018\/02\/Auto-Escola-Nobre.jpg\" alt=\"\" class=\"wp-image-4869\" srcset=\"https:\/\/www.portalalerta.com.br\/wp-content\/uploads\/2018\/02\/Auto-Escola-Nobre.jpg 720w, https:\/\/www.portalalerta.com.br\/wp-content\/uploads\/2018\/02\/Auto-Escola-Nobre-260x65.jpg 260w, https:\/\/www.portalalerta.com.br\/wp-content\/uploads\/2018\/02\/Auto-Escola-Nobre-50x13.jpg 50w, https:\/\/www.portalalerta.com.br\/wp-content\/uploads\/2018\/02\/Auto-Escola-Nobre-150x38.jpg 150w\" sizes=\"(max-width: 720px) 100vw, 720px\" \/><\/figure><\/div>\n\n\n\n<p>A defesa tamb\u00e9m descarta que Daniel Silveira ir\u00e1 pedir asilo a embaixadas de outros pa\u00edse. Segundo eles, a medida poderia causar conflitos diplom\u00e1ticos.<\/p>\n\n\n\n<p>O asilo diplom\u00e1tico \u00e9 concedido para casos de persegui\u00e7\u00e3o. Se aceito, o asilado vai para a embaixada ou consulado do pa\u00eds concedente.<\/p>\n\n\n\n<p><strong>Amea\u00e7as ao STF, viola\u00e7\u00f5es e nova pris\u00e3o<\/strong><\/p>\n\n\n\n<p>Preso pela segunda vez no dia 24 de junho por desrespeitar o uso da tornozeleira eletr\u00f4nica 36 vezes, Daniel Silveira passou a utilizar o dispositivo em mar\u00e7o deste ano ap\u00f3s ser preso por amea\u00e7ar e ofender ministros do Supremo Tribunal Federal (STF).<\/p>\n\n\n\n<p>Em uma das viola\u00e7\u00f5es do dispositivo, em 12 de maio, Silveira afirmou que \u201ctreina diariamente muay thai e que tem feito movimentos (chutes) com a perna onde o equipamento est\u00e1 anilhado\u201d.<\/p>\n\n\n\n<p><strong>Pris\u00e3o em flagrante<\/strong><\/p>\n\n\n\n<p>Em fevereiro deste ano, Silveira foi\u00a0preso em Petr\u00f3polis (RJ). De acordo com a decis\u00e3o, chegou ao conhecimento do STF o v\u00eddeo publicado pelo deputado em que ele <em>&#8220;<strong>durante 19 minutos e 9 segundos, al\u00e9m de atacar frontalmente os ministros do Supremo Tribunal Federal, por meio de diversas amea\u00e7as e ofensas \u00e0 honra, expressamente propaga a ado\u00e7\u00e3o de medidas antidemocr\u00e1ticas contra o Supremo Tribunal Federal, defendendo o AI-5<\/strong>&#8220;<\/em>.<\/p>\n\n\n\n<p>O Ato Institucional n\u00ba 5, de dezembro de 1968, marcou o recrudescimento da repress\u00e3o na ditadura militar no Brasil.<\/p>\n\n\n\n<p>Moraes diz ainda que Silveira defendeu <strong><em>&#8220;a substitui\u00e7\u00e3o imediata de todos os ministros [do STF]&#8221;<\/em><\/strong> e instigou <strong><em>&#8220;a ado\u00e7\u00e3o de medidas violentas contra a vida e seguran\u00e7a dos mesmos, em clara afronta aos princ\u00edpios democr\u00e1ticos, republicanos e da separa\u00e7\u00e3o de Poderes<\/em><\/strong>&#8220;.<\/p>\n\n\n\n<p>Em mar\u00e7o, o ministro Alexandre de Moraes, do<a href=\"https:\/\/br.yahoo.com\/topics\/topic-page-br-noticias-sobre-stf-superior-tribunal-federal\"><strong>&nbsp;<\/strong><\/a>STF, determinou a substitui\u00e7\u00e3o da pris\u00e3o do deputado por pris\u00e3o domiciliar com monitoramento por tornozeleira eletr\u00f4nica.<\/p>\n\n\n\n<p><em>Fonte: Yahoo Not\u00edcias<\/em><\/p>\n","protected":false},"excerpt":{"rendered":"<p>O deputado feredal\u00a0Daniel Silveira\u00a0(PSL-RJ) teve quatro pedidos de asilo diplom\u00e1tico recusados. O parlamentar bolsonarista, que j\u00e1 havia sido preso em fevereiro,\u00a0foi detido novamente no m\u00eas passado por desrespeitar o uso de tornozeleira eletr\u00f4nica 36 vezes.<\/p>\n","protected":false},"author":2,"featured_media":33086,"comment_status":"open","ping_status":"open","sticky":false,"template":"","format":"standard","meta":{"om_disable_all_campaigns":false,"_monsterinsights_skip_tracking":false,"_monsterinsights_sitenote_active":false,"_monsterinsights_sitenote_note":"","_monsterinsights_sitenote_category":0,"footnotes":""},"categories":[34,70,35,69,21],"tags":[2548,93,4253,215,339],"class_list":["post-36499","post","type-post","status-publish","format-standard","has-post-thumbnail","hentry","category-brasil","category-destaques","category-mundo","category-noticias2","category-politica","tag-asilo-politico","tag-brasil","tag-daniel-silveira","tag-deputado-federal","tag-mundo"],"aioseo_notices":[],"_links":{"self":[{"href":"https:\/\/www.portalalerta.com.br\/index.php\/wp-json\/wp\/v2\/posts\/36499","targetHints":{"allow":["GET"]}}],"collection":[{"href":"https:\/\/www.portalalerta.com.br\/index.php\/wp-json\/wp\/v2\/posts"}],"about":[{"href":"https:\/\/www.portalalerta.com.br\/index.php\/wp-json\/wp\/v2\/types\/post"}],"author":[{"embeddable":true,"href":"https:\/\/www.portalalerta.com.br\/index.php\/wp-json\/wp\/v2\/users\/2"}],"replies":[{"embeddable":true,"href":"https:\/\/www.portalalerta.com.br\/index.php\/wp-json\/wp\/v2\/comments?post=36499"}],"version-history":[{"count":1,"href":"https:\/\/www.portalalerta.com.br\/index.php\/wp-json\/wp\/v2\/posts\/36499\/revisions"}],"predecessor-version":[{"id":36503,"href":"https:\/\/www.portalalerta.com.br\/index.php\/wp-json\/wp\/v2\/posts\/36499\/revisions\/36503"}],"wp:featuredmedia":[{"embeddable":true,"href":"https:\/\/www.portalalerta.com.br\/index.php\/wp-json\/wp\/v2\/media\/33086"}],"wp:attachment":[{"href":"https:\/\/www.portalalerta.com.br\/index.php\/wp-json\/wp\/v2\/media?parent=36499"}],"wp:term":[{"taxonomy":"category","embeddable":true,"href":"https:\/\/www.portalalerta.com.br\/index.php\/wp-json\/wp\/v2\/categories?post=36499"},{"taxonomy":"post_tag","embeddable":true,"href":"https:\/\/www.portalalerta.com.br\/index.php\/wp-json\/wp\/v2\/tags?post=36499"}],"curies":[{"name":"wp","href":"https:\/\/api.w.org\/{rel}","templated":true}]}}