{"id":37128,"date":"2021-08-06T15:54:29","date_gmt":"2021-08-06T18:54:29","guid":{"rendered":"https:\/\/www.portalalerta.com.br\/?p=37128"},"modified":"2021-08-06T15:54:31","modified_gmt":"2021-08-06T18:54:31","slug":"ribeira-do-pombal-ba-renova-concessao-e-garante-abate-de-pequenos-animais","status":"publish","type":"post","link":"https:\/\/www.portalalerta.com.br\/index.php\/2021\/08\/06\/ribeira-do-pombal-ba-renova-concessao-e-garante-abate-de-pequenos-animais\/","title":{"rendered":"Ribeira do Pombal-BA renova concess\u00e3o e garante abate de pequenos animais"},"content":{"rendered":"\n<p>Na \u00faltima quinta-feira (05), a Prefeitura de Ribeira do Pombal-BA e o frigorifico D\u2019Matta, que j\u00e1 est\u00e1 instalado no munic\u00edpio atendendo aos criadores de bovinos, fecharam acordo de interesse da popula\u00e7\u00e3o para garantir que animais de pequeno porte, como caprinos, ovinos e su\u00ednos, possam ser abatidos no pr\u00f3prio munic\u00edpio.<\/p>\n\n\n\n<!--more-->\n\n\n\n<div class=\"wp-block-image\"><figure class=\"aligncenter size-large\"><img fetchpriority=\"high\" decoding=\"async\" width=\"720\" height=\"181\" src=\"https:\/\/www.portalalerta.com.br\/wp-content\/uploads\/2018\/02\/Auto-Escola-Nobre.jpg\" alt=\"\" class=\"wp-image-4869\" srcset=\"https:\/\/www.portalalerta.com.br\/wp-content\/uploads\/2018\/02\/Auto-Escola-Nobre.jpg 720w, https:\/\/www.portalalerta.com.br\/wp-content\/uploads\/2018\/02\/Auto-Escola-Nobre-260x65.jpg 260w, https:\/\/www.portalalerta.com.br\/wp-content\/uploads\/2018\/02\/Auto-Escola-Nobre-50x13.jpg 50w, https:\/\/www.portalalerta.com.br\/wp-content\/uploads\/2018\/02\/Auto-Escola-Nobre-150x38.jpg 150w\" sizes=\"(max-width: 720px) 100vw, 720px\" \/><\/figure><\/div>\n\n\n\n<p>Atualmente a ADAB \u00e9 respons\u00e1vel por regulamentar e fiscalizar os abates desses animais nos munic\u00edpios, por isso os criadores e comerciantes pombalense t\u00eam que se deslocar para outras cidades, o que dificulta a log\u00edstica e encarece o pre\u00e7o para o consumidor final.<\/p>\n\n\n\n<p>O prefeito Eriksson disse que essa foi uma exig\u00eancia para a renova\u00e7\u00e3o da concess\u00e3o, <strong><em>\u201ca partir de agora a empresa ter\u00e1 um prazo para se adaptar e em breve teremos mais essa dificuldade superada o que vai beneficiar a todos, produtores, comerciantes e a popula\u00e7\u00e3o em geral\u201d<\/em><\/strong> concluiu.<\/p>\n\n\n\n<p><em>Fonte: SECOM\/ Ribeira do Pombal<\/em><\/p>\n","protected":false},"excerpt":{"rendered":"<p>Na \u00faltima quinta-feira (05), a Prefeitura de Ribeira do Pombal-BA e o frigorifico D\u2019Matta, que j\u00e1 est\u00e1 instalado no munic\u00edpio atendendo aos criadores de bovinos, fecharam acordo de interesse da popula\u00e7\u00e3o para garantir que animais de pequeno porte, como caprinos, ovinos e su\u00ednos, possam ser abatidos no pr\u00f3prio munic\u00edpio.<\/p>\n","protected":false},"author":2,"featured_media":37132,"comment_status":"open","ping_status":"open","sticky":false,"template":"","format":"standard","meta":{"om_disable_all_campaigns":false,"_monsterinsights_skip_tracking":false,"_monsterinsights_sitenote_active":false,"_monsterinsights_sitenote_note":"","_monsterinsights_sitenote_category":0,"footnotes":""},"categories":[70,69,21,32,3],"tags":[4726,1025,4725,145,47],"class_list":["post-37128","post","type-post","status-publish","format-standard","has-post-thumbnail","hentry","category-destaques","category-noticias2","category-politica","category-regiao","category-ribeira-do-pombal","tag-abate-animal","tag-acordo","tag-frigorifico","tag-prefeitura","tag-ribeira-do-pombal"],"aioseo_notices":[],"_links":{"self":[{"href":"https:\/\/www.portalalerta.com.br\/index.php\/wp-json\/wp\/v2\/posts\/37128","targetHints":{"allow":["GET"]}}],"collection":[{"href":"https:\/\/www.portalalerta.com.br\/index.php\/wp-json\/wp\/v2\/posts"}],"about":[{"href":"https:\/\/www.portalalerta.com.br\/index.php\/wp-json\/wp\/v2\/types\/post"}],"author":[{"embeddable":true,"href":"https:\/\/www.portalalerta.com.br\/index.php\/wp-json\/wp\/v2\/users\/2"}],"replies":[{"embeddable":true,"href":"https:\/\/www.portalalerta.com.br\/index.php\/wp-json\/wp\/v2\/comments?post=37128"}],"version-history":[{"count":1,"href":"https:\/\/www.portalalerta.com.br\/index.php\/wp-json\/wp\/v2\/posts\/37128\/revisions"}],"predecessor-version":[{"id":37133,"href":"https:\/\/www.portalalerta.com.br\/index.php\/wp-json\/wp\/v2\/posts\/37128\/revisions\/37133"}],"wp:featuredmedia":[{"embeddable":true,"href":"https:\/\/www.portalalerta.com.br\/index.php\/wp-json\/wp\/v2\/media\/37132"}],"wp:attachment":[{"href":"https:\/\/www.portalalerta.com.br\/index.php\/wp-json\/wp\/v2\/media?parent=37128"}],"wp:term":[{"taxonomy":"category","embeddable":true,"href":"https:\/\/www.portalalerta.com.br\/index.php\/wp-json\/wp\/v2\/categories?post=37128"},{"taxonomy":"post_tag","embeddable":true,"href":"https:\/\/www.portalalerta.com.br\/index.php\/wp-json\/wp\/v2\/tags?post=37128"}],"curies":[{"name":"wp","href":"https:\/\/api.w.org\/{rel}","templated":true}]}}