{"id":37139,"date":"2021-08-06T21:27:01","date_gmt":"2021-08-07T00:27:01","guid":{"rendered":"https:\/\/www.portalalerta.com.br\/?p=37139"},"modified":"2021-08-06T21:27:02","modified_gmt":"2021-08-07T00:27:02","slug":"lira-decide-que-plenario-da-camara-ira-analisar-proposta-do-voto-impresso","status":"publish","type":"post","link":"https:\/\/www.portalalerta.com.br\/index.php\/2021\/08\/06\/lira-decide-que-plenario-da-camara-ira-analisar-proposta-do-voto-impresso\/","title":{"rendered":"Lira decide que plen\u00e1rio da C\u00e2mara ir\u00e1 analisar proposta do voto impresso"},"content":{"rendered":"\n<p>O presidente da C\u00e2mara, deputado Arthur Lira (PP-AL), disse que a proposta que prev\u00ea o voto impresso ser\u00e1 analisada pelo plen\u00e1rio da C\u00e2mara. O parlamentar fez um pronunciamento e afirmou que na segunda-feira (9) ir\u00e1 se reunir com os l\u00edderes partid\u00e1rios para discutir o assunto.<\/p>\n\n\n\n<!--more-->\n\n\n\n<p>Lira decidiu levar a Proposta de Emenda \u00e0 Constitui\u00e7\u00e3o, que \u00e9 uma das bandeiras defendidas pelo presidente Jair Bolsonaro, adiante mesmo depois de os deputados que integravam a comiss\u00e3o especial que avaliou o texto terem rejeitado a PEC.<\/p>\n\n\n\n<div class=\"wp-block-image\"><figure class=\"alignleft size-large is-resized\"><img fetchpriority=\"high\" decoding=\"async\" src=\"https:\/\/www.portalalerta.com.br\/wp-content\/uploads\/2021\/04\/ELAB.jpg\" alt=\"\" class=\"wp-image-34795\" width=\"292\" height=\"234\" srcset=\"https:\/\/www.portalalerta.com.br\/wp-content\/uploads\/2021\/04\/ELAB.jpg 1000w, https:\/\/www.portalalerta.com.br\/wp-content\/uploads\/2021\/04\/ELAB-300x240.jpg 300w, https:\/\/www.portalalerta.com.br\/wp-content\/uploads\/2021\/04\/ELAB-768x614.jpg 768w, https:\/\/www.portalalerta.com.br\/wp-content\/uploads\/2021\/04\/ELAB-183x146.jpg 183w, https:\/\/www.portalalerta.com.br\/wp-content\/uploads\/2021\/04\/ELAB-50x40.jpg 50w, https:\/\/www.portalalerta.com.br\/wp-content\/uploads\/2021\/04\/ELAB-94x75.jpg 94w\" sizes=\"(max-width: 292px) 100vw, 292px\" \/><\/figure><\/div>\n\n\n\n<p><strong><em>&#8220;Pela tranquilidade das pr\u00f3ximas elei\u00e7\u00f5es e para que possamos trabalhar em paz at\u00e9 janeiro de 2023, vamos levar a quest\u00e3o do voto impresso para o plen\u00e1rio, onde todos os parlamentares eleitos legitimamente pela urna eletr\u00f4nica v\u00e3o decidir&#8221;<\/em><\/strong>, discursou o deputado.<\/p>\n\n\n\n<p>Lira destacou ainda que, dessa forma, a decis\u00e3o final ser\u00e1 <strong><em>&#8220;inquestion\u00e1vel&#8221;<\/em><\/strong>. <strong><em>&#8220;Para quem fala que a democracia est\u00e1 em risco, n\u00e3o h\u00e1 nada mais amplo e representativo que deixar o plen\u00e1rio manifestar-se. S\u00f3 assim teremos uma decis\u00e3o inquestion\u00e1vel e suprema porque o plen\u00e1rio \u00e9 nossa al\u00e7ada m\u00e1xima de decis\u00e3o, a express\u00e3o da democracia. E vamos deix\u00e1-lo decidir&#8221;<\/em><\/strong>, ressaltou.<\/p>\n\n\n\n<p>Toda Proposta de Emenda \u00e0 Constitui\u00e7\u00e3o precisa ser avaliada por uma comiss\u00e3o especial e \u00e9 poss\u00edvel que, quando os integrantes do colegiado rejeitam o texto, a tramita\u00e7\u00e3o seja encerrada.<\/p>\n\n\n\n<p>A PEC do Voto Impresso determina que, logo depois de o eleitor fazer sua escolha na urna, a op\u00e7\u00e3o seja impressa e o papel caia em um outro recipiente. Os governistas alegam que s\u00f3 assim as elei\u00e7\u00f5es poder\u00e3o ser audit\u00e1veis. Pelo sistema atual, por\u00e9m, os pleitos j\u00e1 s\u00e3o audit\u00e1veis.<\/p>\n\n\n\n<p><em>Fonte: Yahoo Not\u00edcias<\/em><\/p>\n","protected":false},"excerpt":{"rendered":"<p>O presidente da C\u00e2mara, deputado Arthur Lira (PP-AL), disse que a proposta que prev\u00ea o voto impresso ser\u00e1 analisada pelo plen\u00e1rio da C\u00e2mara. O parlamentar fez um pronunciamento e afirmou que na segunda-feira (9) ir\u00e1 se reunir com os l\u00edderes partid\u00e1rios para discutir o assunto.<\/p>\n","protected":false},"author":2,"featured_media":34110,"comment_status":"open","ping_status":"open","sticky":false,"template":"","format":"standard","meta":{"om_disable_all_campaigns":false,"_monsterinsights_skip_tracking":false,"_monsterinsights_sitenote_active":false,"_monsterinsights_sitenote_note":"","_monsterinsights_sitenote_category":0,"footnotes":""},"categories":[34,70,69,21],"tags":[4203,93,186,3181,1454,4716],"class_list":["post-37139","post","type-post","status-publish","format-standard","has-post-thumbnail","hentry","category-brasil","category-destaques","category-noticias2","category-politica","tag-arthur-lira","tag-brasil","tag-camara-dos-deputados","tag-eleicoes-2022","tag-presidente-da-camara","tag-voto-auditavel"],"aioseo_notices":[],"_links":{"self":[{"href":"https:\/\/www.portalalerta.com.br\/index.php\/wp-json\/wp\/v2\/posts\/37139","targetHints":{"allow":["GET"]}}],"collection":[{"href":"https:\/\/www.portalalerta.com.br\/index.php\/wp-json\/wp\/v2\/posts"}],"about":[{"href":"https:\/\/www.portalalerta.com.br\/index.php\/wp-json\/wp\/v2\/types\/post"}],"author":[{"embeddable":true,"href":"https:\/\/www.portalalerta.com.br\/index.php\/wp-json\/wp\/v2\/users\/2"}],"replies":[{"embeddable":true,"href":"https:\/\/www.portalalerta.com.br\/index.php\/wp-json\/wp\/v2\/comments?post=37139"}],"version-history":[{"count":1,"href":"https:\/\/www.portalalerta.com.br\/index.php\/wp-json\/wp\/v2\/posts\/37139\/revisions"}],"predecessor-version":[{"id":37143,"href":"https:\/\/www.portalalerta.com.br\/index.php\/wp-json\/wp\/v2\/posts\/37139\/revisions\/37143"}],"wp:featuredmedia":[{"embeddable":true,"href":"https:\/\/www.portalalerta.com.br\/index.php\/wp-json\/wp\/v2\/media\/34110"}],"wp:attachment":[{"href":"https:\/\/www.portalalerta.com.br\/index.php\/wp-json\/wp\/v2\/media?parent=37139"}],"wp:term":[{"taxonomy":"category","embeddable":true,"href":"https:\/\/www.portalalerta.com.br\/index.php\/wp-json\/wp\/v2\/categories?post=37139"},{"taxonomy":"post_tag","embeddable":true,"href":"https:\/\/www.portalalerta.com.br\/index.php\/wp-json\/wp\/v2\/tags?post=37139"}],"curies":[{"name":"wp","href":"https:\/\/api.w.org\/{rel}","templated":true}]}}