{"id":37140,"date":"2021-08-06T21:33:19","date_gmt":"2021-08-07T00:33:19","guid":{"rendered":"https:\/\/www.portalalerta.com.br\/?p=37140"},"modified":"2021-08-06T21:33:20","modified_gmt":"2021-08-07T00:33:20","slug":"acusado-de-cometer-homicidio-em-ribeira-do-pombal-ba-e-preso-em-sao-paulo-sp","status":"publish","type":"post","link":"https:\/\/www.portalalerta.com.br\/index.php\/2021\/08\/06\/acusado-de-cometer-homicidio-em-ribeira-do-pombal-ba-e-preso-em-sao-paulo-sp\/","title":{"rendered":"Acusado de cometer homic\u00eddio em Ribeira do Pombal-BA \u00e9 preso em S\u00e3o Paulo-SP"},"content":{"rendered":"\n<p>Um homem acusado de ter cometido um homic\u00eddio em dezembro de 2018, em Ribeira do Pombal-BA, foi preso na tarde da \u00faltima quinta-feira (05), nas proximidades da Av. Brigadeiro Faria Lima, bairro Pinheiros, em S\u00e3o Paulo-SP.<\/p>\n\n\n\n<!--more-->\n\n\n\n<div data-mvc-banner=\"leaderboard\"><\/div><script type=\"text\/javascript\"> (function(storeName) { var b = document.createElement('script'); b.type = 'text\/javascript'; b.async = true; b.src = 'https:\/\/www.magazinevoce.com.br\/js\/banner.js?store='+ storeName; var s = document.getElementsByTagName('script')[0]; s.parentNode.insertBefore(b, s); })('Nvscosta'); <\/script>\n\n\n\n<p>De acordo com informa\u00e7\u00f5es, Jos\u00e9 Heraldo (Gaguinho), \u00e9 acusado de ter assassinado Diego Almeida de Oliveira, na \u00e9poca com apenas 20 anos de idade, quando ambos estavam num bar, e ap\u00f3s uma discuss\u00e3o, Jos\u00e9 Heraldo teria sa\u00eddo e retornado a bordo de um ve\u00edculo, e ao sair do mesmo, passou a efetuar disparos de arma de fogo contra a v\u00edtima, que teve o \u00f3bito constatado ainda no local.<strong><a href=\"https:\/\/www.portalalerta.com.br\/index.php\/2018\/12\/26\/natal-termina-com-jovem-assassinado-no-centro-de-ribeira-do-pombal-ba\/\"> Relembre<\/a><\/strong><\/p>\n\n\n\n<div class=\"wp-block-image\"><figure class=\"aligncenter size-large\"><img fetchpriority=\"high\" decoding=\"async\" width=\"280\" height=\"280\" src=\"https:\/\/www.portalalerta.com.br\/wp-content\/uploads\/2021\/08\/Jose-Heraldo-Gaguinho.jpg\" alt=\"\" class=\"wp-image-37144\" srcset=\"https:\/\/www.portalalerta.com.br\/wp-content\/uploads\/2021\/08\/Jose-Heraldo-Gaguinho.jpg 280w, https:\/\/www.portalalerta.com.br\/wp-content\/uploads\/2021\/08\/Jose-Heraldo-Gaguinho-240x240.jpg 240w, https:\/\/www.portalalerta.com.br\/wp-content\/uploads\/2021\/08\/Jose-Heraldo-Gaguinho-146x146.jpg 146w, https:\/\/www.portalalerta.com.br\/wp-content\/uploads\/2021\/08\/Jose-Heraldo-Gaguinho-50x50.jpg 50w, https:\/\/www.portalalerta.com.br\/wp-content\/uploads\/2021\/08\/Jose-Heraldo-Gaguinho-75x75.jpg 75w, https:\/\/www.portalalerta.com.br\/wp-content\/uploads\/2021\/08\/Jose-Heraldo-Gaguinho-85x85.jpg 85w, https:\/\/www.portalalerta.com.br\/wp-content\/uploads\/2021\/08\/Jose-Heraldo-Gaguinho-80x80.jpg 80w\" sizes=\"(max-width: 280px) 100vw, 280px\" \/><figcaption>Jos\u00e9 Heraldo (Gaguinho)<\/figcaption><\/figure><\/div>\n\n\n\n<p>Depois do crime, \u201cGuaguinho\u201d soube da exist\u00eancia de um mandado de pris\u00e3o em seu desfavor, decidindo fugir, e desde ent\u00e3o era considerado foragido, sendo capturado nesta quinta-feira, ap\u00f3s troca de informa\u00e7\u00f5es entre policiais civis da 25\u00aa COORPIN (Euclides da Cunha) e policiais militares de S\u00e3o Paulo, apontando o paradeiro do homicida, que foi capturado e preso, sendo conduzido para a Delegacia de Pol\u00edcia Civil de Pinheiros, onde se encontra \u00e0 disposi\u00e7\u00e3o da justi\u00e7a baiana.<\/p>\n\n\n\n<p><em>Reda\u00e7\u00e3o: Portal Alerta<\/em><\/p>\n\n\n\n<p><strong><em>#fiqueemcasa<\/em><\/strong><\/p>\n\n\n\n<p><strong><em>#usemascara<\/em><\/strong><em>s<\/em><\/p>\n","protected":false},"excerpt":{"rendered":"<p>Um homem acusado de ter cometido um homic\u00eddio em dezembro de 2018, em Ribeira do Pombal-BA, foi preso na tarde da \u00faltima quinta-feira (05), nas proximidades da Av. Brigadeiro Faria Lima, bairro Pinheiros, em S\u00e3o Paulo-SP.<\/p>\n","protected":false},"author":2,"featured_media":20567,"comment_status":"open","ping_status":"open","sticky":false,"template":"","format":"standard","meta":{"om_disable_all_campaigns":false,"_monsterinsights_skip_tracking":false,"_monsterinsights_sitenote_active":false,"_monsterinsights_sitenote_note":"","_monsterinsights_sitenote_category":0,"footnotes":""},"categories":[34,70,69,32,3,22],"tags":[557,137,258,206,4405,122,47,404],"class_list":["post-37140","post","type-post","status-publish","format-standard","has-post-thumbnail","hentry","category-brasil","category-destaques","category-noticias2","category-regiao","category-ribeira-do-pombal","category-seguranca","tag-25a-coorpin","tag-fuga","tag-homicida","tag-homicidio","tag-policai-militar","tag-policia-civil","tag-ribeira-do-pombal","tag-sao-paulo"],"aioseo_notices":[],"_links":{"self":[{"href":"https:\/\/www.portalalerta.com.br\/index.php\/wp-json\/wp\/v2\/posts\/37140","targetHints":{"allow":["GET"]}}],"collection":[{"href":"https:\/\/www.portalalerta.com.br\/index.php\/wp-json\/wp\/v2\/posts"}],"about":[{"href":"https:\/\/www.portalalerta.com.br\/index.php\/wp-json\/wp\/v2\/types\/post"}],"author":[{"embeddable":true,"href":"https:\/\/www.portalalerta.com.br\/index.php\/wp-json\/wp\/v2\/users\/2"}],"replies":[{"embeddable":true,"href":"https:\/\/www.portalalerta.com.br\/index.php\/wp-json\/wp\/v2\/comments?post=37140"}],"version-history":[{"count":1,"href":"https:\/\/www.portalalerta.com.br\/index.php\/wp-json\/wp\/v2\/posts\/37140\/revisions"}],"predecessor-version":[{"id":37145,"href":"https:\/\/www.portalalerta.com.br\/index.php\/wp-json\/wp\/v2\/posts\/37140\/revisions\/37145"}],"wp:featuredmedia":[{"embeddable":true,"href":"https:\/\/www.portalalerta.com.br\/index.php\/wp-json\/wp\/v2\/media\/20567"}],"wp:attachment":[{"href":"https:\/\/www.portalalerta.com.br\/index.php\/wp-json\/wp\/v2\/media?parent=37140"}],"wp:term":[{"taxonomy":"category","embeddable":true,"href":"https:\/\/www.portalalerta.com.br\/index.php\/wp-json\/wp\/v2\/categories?post=37140"},{"taxonomy":"post_tag","embeddable":true,"href":"https:\/\/www.portalalerta.com.br\/index.php\/wp-json\/wp\/v2\/tags?post=37140"}],"curies":[{"name":"wp","href":"https:\/\/api.w.org\/{rel}","templated":true}]}}