{"id":37141,"date":"2021-08-06T21:52:25","date_gmt":"2021-08-07T00:52:25","guid":{"rendered":"https:\/\/www.portalalerta.com.br\/?p=37141"},"modified":"2021-08-06T22:06:38","modified_gmt":"2021-08-07T01:06:38","slug":"vereador-alessandro-pede-licenca-e-suplente-junior-fonseca-devera-substitui-lo-na-camara-municipal-de-ribeira-do-pombal-ba","status":"publish","type":"post","link":"https:\/\/www.portalalerta.com.br\/index.php\/2021\/08\/06\/vereador-alessandro-pede-licenca-e-suplente-junior-fonseca-devera-substitui-lo-na-camara-municipal-de-ribeira-do-pombal-ba\/","title":{"rendered":"Vereador Alessandro pede licen\u00e7a, e suplente Junior Fonseca dever\u00e1 substitu\u00ed-lo na C\u00e2mara Municipal de Ribeira do Pombal-BA"},"content":{"rendered":"\n<p>O vereador pombalense Alessandro de Melo Gomes Calasans (PP), oficializou o pedido de afastamento da C\u00e2mara Municipal por um per\u00edodo de 32 dias, para tratar de assuntos pessoais.<\/p>\n\n\n\n<!--more-->\n\n\n\n<div class=\"wp-block-image\"><figure class=\"alignleft size-large is-resized\"><img fetchpriority=\"high\" decoding=\"async\" src=\"https:\/\/www.portalalerta.com.br\/wp-content\/uploads\/2021\/04\/ELAB.jpg\" alt=\"\" class=\"wp-image-34795\" width=\"327\" height=\"262\" srcset=\"https:\/\/www.portalalerta.com.br\/wp-content\/uploads\/2021\/04\/ELAB.jpg 1000w, https:\/\/www.portalalerta.com.br\/wp-content\/uploads\/2021\/04\/ELAB-300x240.jpg 300w, https:\/\/www.portalalerta.com.br\/wp-content\/uploads\/2021\/04\/ELAB-768x614.jpg 768w, https:\/\/www.portalalerta.com.br\/wp-content\/uploads\/2021\/04\/ELAB-183x146.jpg 183w, https:\/\/www.portalalerta.com.br\/wp-content\/uploads\/2021\/04\/ELAB-50x40.jpg 50w, https:\/\/www.portalalerta.com.br\/wp-content\/uploads\/2021\/04\/ELAB-94x75.jpg 94w\" sizes=\"(max-width: 327px) 100vw, 327px\" \/><\/figure><\/div>\n\n\n\n<p>O PORTAL ALERTA manteve contato com o presidente da casa, o vereador Roberto Alcantara (Bebeto), que relatou que o pr\u00f3ximo passo ser\u00e1 levar o pedido ao Plen\u00e1rio na Sess\u00e3o da pr\u00f3xima segunda-feira (09). Confirmando a licen\u00e7a do vereador, a presid\u00eancia ter\u00e1 15 dias para convocar o suplente, Junior Fonseca.<\/p>\n\n\n\n<div class=\"wp-block-image\"><figure class=\"aligncenter size-large\"><img decoding=\"async\" width=\"320\" height=\"225\" src=\"https:\/\/www.portalalerta.com.br\/wp-content\/uploads\/2021\/08\/Alessandro-de-Dada-e-Junior-Fonseca.jpg\" alt=\"\" class=\"wp-image-37148\" srcset=\"https:\/\/www.portalalerta.com.br\/wp-content\/uploads\/2021\/08\/Alessandro-de-Dada-e-Junior-Fonseca.jpg 320w, https:\/\/www.portalalerta.com.br\/wp-content\/uploads\/2021\/08\/Alessandro-de-Dada-e-Junior-Fonseca-208x146.jpg 208w, https:\/\/www.portalalerta.com.br\/wp-content\/uploads\/2021\/08\/Alessandro-de-Dada-e-Junior-Fonseca-50x35.jpg 50w, https:\/\/www.portalalerta.com.br\/wp-content\/uploads\/2021\/08\/Alessandro-de-Dada-e-Junior-Fonseca-107x75.jpg 107w\" sizes=\"(max-width: 320px) 100vw, 320px\" \/><figcaption>Alessandro (esquerda), e Junior Fonseca (direita)<\/figcaption><\/figure><\/div>\n\n\n\n<p>Alessandro est\u00e1 preso desde o \u00faltimo dia 27, acusado de descumprir uma Medida Protetiva num processo em que acusado de viol\u00eancia dom\u00e9stica. <a href=\"https:\/\/www.portalalerta.com.br\/index.php\/2021\/07\/27\/justica-decreta-prisao-de-vereador-em-ribeira-do-pombal-ba\/\"><strong>Relembre<\/strong><\/a><\/p>\n\n\n\n<p><em>Reda\u00e7\u00e3o: Portal Alerta<\/em><\/p>\n\n\n\n<p><strong><em>#fiqueemcasa<\/em><\/strong><\/p>\n\n\n\n<p><strong><em>#usemascaras<\/em><\/strong><\/p>\n","protected":false},"excerpt":{"rendered":"<p>O vereador pombalense Alessandro de Melo Gomes Calasans (PP), oficializou o pedido de afastamento da C\u00e2mara Municipal por um per\u00edodo de 32 dias, para tratar de assuntos pessoais.<\/p>\n","protected":false},"author":2,"featured_media":20489,"comment_status":"open","ping_status":"open","sticky":false,"template":"","format":"standard","meta":{"om_disable_all_campaigns":false,"_monsterinsights_skip_tracking":false,"_monsterinsights_sitenote_active":false,"_monsterinsights_sitenote_note":"","_monsterinsights_sitenote_category":0,"footnotes":""},"categories":[70,69,21,32,3,22],"tags":[4701,211,4728,2918,199,47,4227,80,135],"class_list":["post-37141","post","type-post","status-publish","format-standard","has-post-thumbnail","hentry","category-destaques","category-noticias2","category-politica","category-regiao","category-ribeira-do-pombal","category-seguranca","tag-alessandro-de-dada","tag-camara-de-vereadores","tag-junior-fonseca","tag-licenca","tag-politica","tag-ribeira-do-pombal","tag-suplente","tag-vereador","tag-vereadores"],"aioseo_notices":[],"_links":{"self":[{"href":"https:\/\/www.portalalerta.com.br\/index.php\/wp-json\/wp\/v2\/posts\/37141","targetHints":{"allow":["GET"]}}],"collection":[{"href":"https:\/\/www.portalalerta.com.br\/index.php\/wp-json\/wp\/v2\/posts"}],"about":[{"href":"https:\/\/www.portalalerta.com.br\/index.php\/wp-json\/wp\/v2\/types\/post"}],"author":[{"embeddable":true,"href":"https:\/\/www.portalalerta.com.br\/index.php\/wp-json\/wp\/v2\/users\/2"}],"replies":[{"embeddable":true,"href":"https:\/\/www.portalalerta.com.br\/index.php\/wp-json\/wp\/v2\/comments?post=37141"}],"version-history":[{"count":1,"href":"https:\/\/www.portalalerta.com.br\/index.php\/wp-json\/wp\/v2\/posts\/37141\/revisions"}],"predecessor-version":[{"id":37149,"href":"https:\/\/www.portalalerta.com.br\/index.php\/wp-json\/wp\/v2\/posts\/37141\/revisions\/37149"}],"wp:featuredmedia":[{"embeddable":true,"href":"https:\/\/www.portalalerta.com.br\/index.php\/wp-json\/wp\/v2\/media\/20489"}],"wp:attachment":[{"href":"https:\/\/www.portalalerta.com.br\/index.php\/wp-json\/wp\/v2\/media?parent=37141"}],"wp:term":[{"taxonomy":"category","embeddable":true,"href":"https:\/\/www.portalalerta.com.br\/index.php\/wp-json\/wp\/v2\/categories?post=37141"},{"taxonomy":"post_tag","embeddable":true,"href":"https:\/\/www.portalalerta.com.br\/index.php\/wp-json\/wp\/v2\/tags?post=37141"}],"curies":[{"name":"wp","href":"https:\/\/api.w.org\/{rel}","templated":true}]}}