{"id":37142,"date":"2021-08-06T21:43:00","date_gmt":"2021-08-07T00:43:00","guid":{"rendered":"https:\/\/www.portalalerta.com.br\/?p=37142"},"modified":"2021-08-06T21:43:02","modified_gmt":"2021-08-07T00:43:02","slug":"crianca-morre-vitima-de-bala-perdida-na-praia-de-itapua-em-trecho-defronte-a-delegacia","status":"publish","type":"post","link":"https:\/\/www.portalalerta.com.br\/index.php\/2021\/08\/06\/crianca-morre-vitima-de-bala-perdida-na-praia-de-itapua-em-trecho-defronte-a-delegacia\/","title":{"rendered":"Crian\u00e7a morre v\u00edtima de bala perdida na praia de Itapu\u00e3, em trecho defronte \u00e0 delegacia"},"content":{"rendered":"\n<p>Atiradores chegaram para matar um desafeto e os disparos acabaram atingindo um menino de nove anos<\/p>\n\n\n\n<!--more-->\n\n\n\n<p>Um menino de nove anos&nbsp;foi baleado&nbsp;na tarde desta sexta-feira na praia de Itapu\u00e3 e acabou morrendo. Ele foi levado para o Hospital Aeroporto, mas n\u00e3o resistiu.&nbsp;<\/p>\n\n\n\n<div class=\"wp-block-image\"><figure class=\"alignleft size-large is-resized\"><img fetchpriority=\"high\" decoding=\"async\" src=\"https:\/\/www.portalalerta.com.br\/wp-content\/uploads\/2021\/08\/Real-Dia-dos-Pais-2021-819x1024.jpeg\" alt=\"\" class=\"wp-image-37134\" width=\"318\" height=\"398\"\/><\/figure><\/div>\n\n\n\n<p>Segundo a Pol\u00edcia Civil, o alvo dos disparos era um homem de 35 anos, que foi atingido e levado para a Unidade de Pronto Atendimento (UPA) do bairro. Ele j\u00e1 tem passagem por roubo e recepta\u00e7\u00e3o. Dois homens e uma mulher desembarcaram de um Chevrolet Prisma branco e efetuaram os disparos contra o homem. A crian\u00e7a, que tamb\u00e9m estava na praia, acabou sendo atingida. No local, a pol\u00edcia encontrou c\u00e1psulas de calibre 9 mm.&nbsp;<\/p>\n\n\n\n<p>Conforme informa\u00e7\u00f5es de populares, um suspeito de realizar os disparos foi contido quando tentava fugir e foi entregue \u00e0 pol\u00edcia. O trecho da praia onde a crian\u00e7a morreu fica em frente \u00e0 Delegacia de Itapu\u00e3.&nbsp;<\/p>\n\n\n\n<p>A assessoria da Pol\u00edcia Civil informou que imagens de c\u00e2meras do estacionamento de um bar, que podem ter registrado a a\u00e7\u00e3o, foram solicitadas.<\/p>\n\n\n\n<p>O Departamento de Homic\u00eddios e Prote\u00e7\u00e3o \u00e0 Pessoa (DHPP) foi acionado e uma equipe do Servi~\u00e7o de Investiga\u00e7\u00e3o em Local de Crime (SILC) est\u00e1 se deslocando para a unidade de sa\u00fade. O crime deve ser investigado pela 1\u00aa DH\/Atl\u00e2ntico do DHPP, respons\u00e1vel por investigar os assassinatos na regi\u00e3o da orla de Salvador.<\/p>\n\n\n\n<p><em>Fonte: Metro1<\/em><\/p>\n","protected":false},"excerpt":{"rendered":"<p>Atiradores chegaram para matar um desafeto e os disparos acabaram atingindo um menino de nove anos<\/p>\n","protected":false},"author":2,"featured_media":37146,"comment_status":"open","ping_status":"open","sticky":false,"template":"","format":"standard","meta":{"om_disable_all_campaigns":false,"_monsterinsights_skip_tracking":false,"_monsterinsights_sitenote_active":false,"_monsterinsights_sitenote_note":"","_monsterinsights_sitenote_category":0,"footnotes":""},"categories":[33,70,69,22],"tags":[54,546,375,206,169,4727,330],"class_list":["post-37142","post","type-post","status-publish","format-standard","has-post-thumbnail","hentry","category-bahia","category-destaques","category-noticias2","category-seguranca","tag-bahia","tag-crianca","tag-disparos-de-arma-de-fogo","tag-homicidio","tag-morte","tag-praia","tag-salvador"],"aioseo_notices":[],"_links":{"self":[{"href":"https:\/\/www.portalalerta.com.br\/index.php\/wp-json\/wp\/v2\/posts\/37142","targetHints":{"allow":["GET"]}}],"collection":[{"href":"https:\/\/www.portalalerta.com.br\/index.php\/wp-json\/wp\/v2\/posts"}],"about":[{"href":"https:\/\/www.portalalerta.com.br\/index.php\/wp-json\/wp\/v2\/types\/post"}],"author":[{"embeddable":true,"href":"https:\/\/www.portalalerta.com.br\/index.php\/wp-json\/wp\/v2\/users\/2"}],"replies":[{"embeddable":true,"href":"https:\/\/www.portalalerta.com.br\/index.php\/wp-json\/wp\/v2\/comments?post=37142"}],"version-history":[{"count":1,"href":"https:\/\/www.portalalerta.com.br\/index.php\/wp-json\/wp\/v2\/posts\/37142\/revisions"}],"predecessor-version":[{"id":37147,"href":"https:\/\/www.portalalerta.com.br\/index.php\/wp-json\/wp\/v2\/posts\/37142\/revisions\/37147"}],"wp:featuredmedia":[{"embeddable":true,"href":"https:\/\/www.portalalerta.com.br\/index.php\/wp-json\/wp\/v2\/media\/37146"}],"wp:attachment":[{"href":"https:\/\/www.portalalerta.com.br\/index.php\/wp-json\/wp\/v2\/media?parent=37142"}],"wp:term":[{"taxonomy":"category","embeddable":true,"href":"https:\/\/www.portalalerta.com.br\/index.php\/wp-json\/wp\/v2\/categories?post=37142"},{"taxonomy":"post_tag","embeddable":true,"href":"https:\/\/www.portalalerta.com.br\/index.php\/wp-json\/wp\/v2\/tags?post=37142"}],"curies":[{"name":"wp","href":"https:\/\/api.w.org\/{rel}","templated":true}]}}