{"id":37171,"date":"2021-08-10T07:00:00","date_gmt":"2021-08-10T10:00:00","guid":{"rendered":"https:\/\/www.portalalerta.com.br\/?p=37171"},"modified":"2021-08-10T00:19:19","modified_gmt":"2021-08-10T03:19:19","slug":"por-que-bolsonaro-vai-receber-tanques-de-guerra-no-planalto-nesta-terca-feira","status":"publish","type":"post","link":"https:\/\/www.portalalerta.com.br\/index.php\/2021\/08\/10\/por-que-bolsonaro-vai-receber-tanques-de-guerra-no-planalto-nesta-terca-feira\/","title":{"rendered":"Por que Bolsonaro vai receber tanques de guerra no Planalto nesta ter\u00e7a-feira"},"content":{"rendered":"\n<p>Em um momento de forte tens\u00e3o entre o governo Jair Bolsonaro e o Poder Judici\u00e1rio, as For\u00e7as Armadas planejam um desfile militar in\u00e9dito em frente ao Pal\u00e1cio do Planalto nesta ter\u00e7a-feira (10\/08), segundo informou de manh\u00e3 a Marinha em um comunicado oficial.<\/p>\n\n\n\n<!--more-->\n\n\n\n<p>A nota disse que &#8220;um comboio com ve\u00edculos blindados, armamentos e outros meios da For\u00e7a de Fuzileiros da Esquadra, que partiu do Rio de Janeiro, passar\u00e1 por Bras\u00edlia&#8221;. O destino final \u00e9 o Campo de Instru\u00e7\u00e3o de Formosa (CIF), onde \u00e9 feito anualmente, desde 1988, um grande treinamento da Marinha, a chamada Opera\u00e7\u00e3o Formosa.<\/p>\n\n\n\n<div class=\"wp-block-image\"><figure class=\"alignleft size-large is-resized\"><img fetchpriority=\"high\" decoding=\"async\" src=\"https:\/\/www.portalalerta.com.br\/wp-content\/uploads\/2021\/07\/Real-Calcados-Liquida-Inverno-1-1024x1024.jpeg\" alt=\"\" class=\"wp-image-36890\" width=\"329\" height=\"329\"\/><\/figure><\/div>\n\n\n\n<p>No entanto, o comunicado sugere que o comboio passar\u00e1 em frente ao Pal\u00e1cio do Planalto, que fica na Pra\u00e7a dos Tr\u00eas Poderes, junto com o Congresso Nacional e o Supremo Tribunal Federal (STF). Caso se confirme, esse ato em pleno dia \u00fatil seria in\u00e9dito. Anualmente, h\u00e1 desfile militar na Esplanada dos Minist\u00e9rios durante as celebra\u00e7\u00f5es do Feriado da Independ\u00eancia, em 7 de Setembro.<\/p>\n\n\n\n<p><strong><em>&#8220;Na oportunidade, \u00e0s 8h30, no Pal\u00e1cio do Planalto, ser\u00e3o entregues ao Presidente da Rep\u00fablica, Jair Bolsonaro, e ao Ministro da Defesa, Walter Souza Braga Netto, os convites para comparecerem \u00e0 Demonstra\u00e7\u00e3o Operativa, que ocorrer\u00e1 no dia 16 de agosto, no CIF&#8221;<\/em><\/strong>, diz ainda o comunicado.<\/p>\n\n\n\n<p>Ser\u00e1 a primeira vez que a opera\u00e7\u00e3o contar\u00e1 com a participa\u00e7\u00e3o do Ex\u00e9rcito e da For\u00e7a A\u00e9rea, segundo informou tamb\u00e9m a Marinha.<\/p>\n\n\n\n<p>Na noite de segunda-feira, a Marinha publicou outra nota confirmando que um comboio com viaturas entregar\u00e1 ao presidente um convite para o evento de 16 de agosto. O texto n\u00e3o especifica quantos ve\u00edculos iriam para o Planalto, afirmando apenas que <strong><em>&#8220;14 viaturas ficar\u00e3o em exposi\u00e7\u00e3o (\u2026) em frente ao pr\u00e9dio da Marinha na Esplanada dos Minist\u00e9rios&#8221;.<\/em><\/strong><\/p>\n\n\n\n<p>Na mesma noite, o presidente Bolsonaro postou em suas redes sociais que a Marinha realiza exerc\u00edcios em Formosa desde 1988 e que, <strong><em>&#8220;como a tropa vem do Rio, Bras\u00edlia \u00e9 passagem obrigat\u00f3ria&#8221;<\/em><\/strong>.<\/p>\n\n\n\n<p>Citando os presidentes do <strong><em>&#8220;STF, C\u00e2mara Federal, Senado, TCU, TSE, STJ, TST&#8221;, al\u00e9m de parlamentares, o presidente convidou outras autoridades para receber &#8220;os cumprimentos da For\u00e7a&#8221;<\/em><\/strong> na manh\u00e3 de ter\u00e7a-feira.<\/p>\n\n\n\n<p>Estudioso das For\u00e7as Armadas, o professor Juliano Cortinhas, do Instituto de Rela\u00e7\u00f5es Internacionais da Universidade de Bras\u00edlia (UnB), disse \u00e0 BBC News Brasil que n\u00e3o h\u00e1 precedente de iniciativa similar durante o per\u00edodo democr\u00e1tico brasileiro.<\/p>\n\n\n\n<p><strong><em>&#8220;Essas demonstra\u00e7\u00f5es s\u00e3o in\u00e9ditas na nossa democracia. Em regimes ditatoriais, mais fechados, s\u00e3o comuns&#8221;<\/em><\/strong>, afirmou.<\/p>\n\n\n\n<p><strong><em>&#8220;Um absurdo total. Algo impens\u00e1vel na democracia, principalmente porque o risco (de ruptura democr\u00e1tica) a partir das declara\u00e7\u00f5es do pr\u00f3prio presidente est\u00e1 muito elevado&#8221;<\/em><\/strong>, criticou ainda.<\/p>\n\n\n\n<p><strong>Voto impresso na C\u00e2mara<\/strong><\/p>\n\n\n\n<p>O desfile militar ocorre no mesmo dia em que a C\u00e2mara dos Deputados deve votar uma proposta de emenda constitucional (PEC) que visa implementar o voto impresso nas elei\u00e7\u00f5es de 2022, principal bandeira de Bolsonaro no momento.<\/p>\n\n\n\n<p>Sem apresentar qualquer prova, o presidente diz que as urnas podem ser fraudadas e alega que apenas o voto impresso afastaria esse risco.<\/p>\n\n\n\n<p>J\u00e1 o Tribunal Superior Eleitoral (TSE) rebate dizendo que a urna eletr\u00f4nica conta com in\u00fameros mecanismos de seguran\u00e7a que garantem a integridade das elei\u00e7\u00f5es.<\/p>\n\n\n\n<p>Na noite de segunda-feira, a nota da Marinha garantiu que a <strong>&#8220;entrega simb\u00f3lica&#8221;<\/strong> do convite a Bolsonaro <strong><em>&#8220;foi planejada antes da agenda para a vota\u00e7\u00e3o da PEC 135\/2019 no Plen\u00e1rio da C\u00e2mara dos Deputados, n\u00e3o possuindo rela\u00e7\u00e3o com a mesma&#8221;<\/em><\/strong>.<\/p>\n\n\n\n<p>Questionado se v\u00ea o desfile militar como uma tentativa do presidente de demonstrar for\u00e7a e pressionar a Justi\u00e7a Eleitoral e o Congresso, o professor da UnB disse que <strong><em>&#8220;a pr\u00f3pria d\u00favida (sobre essa inten\u00e7\u00e3o) j\u00e1 \u00e9 grave e muito prejudicial para nossa democracia&#8221;.<\/em><\/strong><\/p>\n\n\n\n<p><strong><em>&#8220;A grande quest\u00e3o pra mim n\u00e3o \u00e9 nem se perguntar o real significado de uma demonstra\u00e7\u00e3o como essa, mas sim a gente refletir sobre o fato de que h\u00e1 muitas d\u00favidas a respeito de qual papel as For\u00e7as Armadas pretendem jogar no processo eleitoral que j\u00e1 foi iniciado de fato, porque o Bolsonaro est\u00e1 em campanha por todo o pa\u00eds, usando dinheiro p\u00fablico ilegalmente pra fazer campanha&#8221;<\/em><\/strong>, disse o professor, em refer\u00eancia \u00e0s viagens feitas pelo presidente para participar de atos pol\u00edticos, como passeios de motocicleta com seus apoiadores.<\/p>\n\n\n\n<p>Para Cortinhas, as For\u00e7as Armadas n\u00e3o t\u00eam cumprido sua fun\u00e7\u00e3o constitucional de proteger as institui\u00e7\u00f5es democr\u00e1ticas ao permitir que Bolsonaro ataque os outros Poderes. Nas \u00faltimas semanas, o ministro da Defesa chegou a fazer manifesta\u00e7\u00f5es p\u00fablicas em defesa do voto impresso e contra a atua\u00e7\u00e3o do senador Omar Aziz (PSD-AM), presidente da Comiss\u00e3o Parlamentar de Inqu\u00e9rito (CPI) da Covid.<\/p>\n\n\n\n<p><strong><em>&#8220;Importante lembrar que uma das fun\u00e7\u00f5es das For\u00e7as Armadas pelo artigo 142 da Constitui\u00e7\u00e3o \u00e9 proteger as nossas institui\u00e7\u00f5es democr\u00e1ticas, e elas n\u00e3o est\u00e3o cumprindo o seu papel constitucional, portanto, j\u00e1 que o presidente vem atacando a cada dia com mais veem\u00eancia a nossa democracia e as For\u00e7as Armadas est\u00e3o caladas&#8221;<\/em><\/strong>, criticou.<\/p>\n\n\n\n<p><strong><em>&#8220;E, indo al\u00e9m, est\u00e3o se posicionando a favor dele, quando as For\u00e7as Armadas aceitam as falas do Bolsonaro quietas e contrap\u00f5em outros Poderes institucionalizados, como a Suprema Corte do nosso pa\u00eds, como o pr\u00f3prio Congresso. Ent\u00e3o, eu vejo que \u00e9 um momento extremamente preocupante&#8221;<\/em><\/strong>, acrescentou.<\/p>\n\n\n\n<p><strong>Entenda agravamento da crise<\/strong><\/p>\n\n\n\n<p>O voto impresso se tornou nas \u00faltimas semanas epicentro de uma grave crise institucional entre o Pal\u00e1cio do Planalto e o Poder Judici\u00e1rio, com Bolsonaro fazendo ataques di\u00e1rios \u00e0 Justi\u00e7a Eleitoral e a ministros do TSE e do STF, em especial Lu\u00eds Roberto Barroso (presidente do TSE).<\/p>\n\n\n\n<p>Do outro lado, TSE e STF reagiram abrindo investiga\u00e7\u00f5es contra Bolsonaro. A apura\u00e7\u00e3o na Corte Eleitoral tem potencial de deixar o presidente ineleg\u00edvel por oito anos, impedindo-o de tentar a reelei\u00e7\u00e3o em 2022.<\/p>\n\n\n\n<p>J\u00e1 o ministro do STF Alexandre de Moraes incluiu Bolsonaro como investigado no inqu\u00e9rito das Fake News para apurar se o presidente cometeu crimes durante uma transmiss\u00e3o ao vivo realizada na quinta-feira passada (29\/07) em que alegou ter ind\u00edcios fortes de fraudes nas \u00faltimas elei\u00e7\u00f5es, usando v\u00eddeos antigos que circulam na internet j\u00e1 desmentidos pelo TSE.<\/p>\n\n\n\n<p>Ap\u00f3s a decis\u00e3o, Bolsonaro disse que o inqu\u00e9rito \u00e9 ilegal e amea\u00e7ou agir fora da Constitui\u00e7\u00e3o.<\/p>\n\n\n\n<p><strong><em>&#8220;Est\u00e1 dentro das quatro linhas da Constitui\u00e7\u00e3o (a decis\u00e3o de Alexandre e Moraes)? N\u00e3o est\u00e1. Ent\u00e3o o ant\u00eddoto para isso tamb\u00e9m n\u00e3o \u00e9 dentro das quatro linhas. Aqui ningu\u00e9m \u00e9 mais macho que ningu\u00e9m&#8221;<\/em><\/strong>, disse na quarta-feira (04\/08).<\/p>\n\n\n\n<p><strong><em>&#8220;Sou presidente 24 horas por dia. O meu jogo \u00e9 dentro das quatro linhas (da Constitui\u00e7\u00e3o), mas se sair das quatro linhas, sou obrigado a sair das quatro linhas. \u00c9 como o inqu\u00e9rito do Alexandre de Moraes: ele investiga, ele pune e ele prende. Se eu perder (as elei\u00e7\u00f5es) vou recorrer ao pr\u00f3prio TSE? N\u00e3o tem cabimento isso&#8221;, <\/em><\/strong>declarou tamb\u00e9m.<\/p>\n\n\n\n<p>Depois dessas falas, o presidente do STF, Luiz Fux, cancelou reuni\u00e3o que havia convocado com Bolsonaro e os presidentes da C\u00e2mara (Arthur Lira) e do Senado (Rodrigo Pacheco) para tentar reduzir a crise.<\/p>\n\n\n\n<p><strong><em>&#8220;O presidente da Rep\u00fablica tem reiterado ofensas e ataques de inverdades a integrantes desta Corte, em especial os ministros Lu\u00eds Roberto Barroso e Alexandre de Moraes. Sendo certo que, quando se atinge um dos integrantes, se atinge a Corte por inteiro&#8221;<\/em><\/strong>, disse Fux ao cancelar o encontro.<\/p>\n\n\n\n<p><strong><em>&#8220;Al\u00e9m disso, sua excel\u00eancia (Bolsonaro) mant\u00e9m a divulga\u00e7\u00e3o de interpreta\u00e7\u00f5es equivocadas de decis\u00f5es do plen\u00e1rio bem como insiste em colocar sob suspei\u00e7\u00e3o a higidez do processo eleitoral brasileiro&#8221;<\/em><\/strong>, acrescentou.<\/p>\n\n\n\n<p><em>Fonte: Yahoo Not\u00edcias<\/em><\/p>\n","protected":false},"excerpt":{"rendered":"<p>Em um momento de forte tens\u00e3o entre o governo Jair Bolsonaro e o Poder Judici\u00e1rio, as For\u00e7as Armadas planejam um desfile militar in\u00e9dito em frente ao Pal\u00e1cio do Planalto nesta ter\u00e7a-feira (10\/08), segundo informou de manh\u00e3 a Marinha em um comunicado oficial.<\/p>\n","protected":false},"author":2,"featured_media":25016,"comment_status":"open","ping_status":"open","sticky":false,"template":"","format":"standard","meta":{"om_disable_all_campaigns":false,"_monsterinsights_skip_tracking":false,"_monsterinsights_sitenote_active":false,"_monsterinsights_sitenote_note":"","_monsterinsights_sitenote_category":0,"footnotes":""},"categories":[34,70,69,21],"tags":[93,2827,539,1395,2313,199],"class_list":["post-37171","post","type-post","status-publish","format-standard","has-post-thumbnail","hentry","category-brasil","category-destaques","category-noticias2","category-politica","tag-brasil","tag-desfile","tag-distrito-federal","tag-jair-bolsonaro","tag-marinha","tag-politica"],"aioseo_notices":[],"_links":{"self":[{"href":"https:\/\/www.portalalerta.com.br\/index.php\/wp-json\/wp\/v2\/posts\/37171","targetHints":{"allow":["GET"]}}],"collection":[{"href":"https:\/\/www.portalalerta.com.br\/index.php\/wp-json\/wp\/v2\/posts"}],"about":[{"href":"https:\/\/www.portalalerta.com.br\/index.php\/wp-json\/wp\/v2\/types\/post"}],"author":[{"embeddable":true,"href":"https:\/\/www.portalalerta.com.br\/index.php\/wp-json\/wp\/v2\/users\/2"}],"replies":[{"embeddable":true,"href":"https:\/\/www.portalalerta.com.br\/index.php\/wp-json\/wp\/v2\/comments?post=37171"}],"version-history":[{"count":1,"href":"https:\/\/www.portalalerta.com.br\/index.php\/wp-json\/wp\/v2\/posts\/37171\/revisions"}],"predecessor-version":[{"id":37175,"href":"https:\/\/www.portalalerta.com.br\/index.php\/wp-json\/wp\/v2\/posts\/37171\/revisions\/37175"}],"wp:featuredmedia":[{"embeddable":true,"href":"https:\/\/www.portalalerta.com.br\/index.php\/wp-json\/wp\/v2\/media\/25016"}],"wp:attachment":[{"href":"https:\/\/www.portalalerta.com.br\/index.php\/wp-json\/wp\/v2\/media?parent=37171"}],"wp:term":[{"taxonomy":"category","embeddable":true,"href":"https:\/\/www.portalalerta.com.br\/index.php\/wp-json\/wp\/v2\/categories?post=37171"},{"taxonomy":"post_tag","embeddable":true,"href":"https:\/\/www.portalalerta.com.br\/index.php\/wp-json\/wp\/v2\/tags?post=37171"}],"curies":[{"name":"wp","href":"https:\/\/api.w.org\/{rel}","templated":true}]}}