{"id":37619,"date":"2021-08-26T16:56:45","date_gmt":"2021-08-26T19:56:45","guid":{"rendered":"https:\/\/www.portalalerta.com.br\/?p=37619"},"modified":"2021-08-26T16:56:46","modified_gmt":"2021-08-26T19:56:46","slug":"aeroporto-de-cabul-e-alvo-de-explosao-taliba-fala-em-13-mortos","status":"publish","type":"post","link":"https:\/\/www.portalalerta.com.br\/index.php\/2021\/08\/26\/aeroporto-de-cabul-e-alvo-de-explosao-taliba-fala-em-13-mortos\/","title":{"rendered":"Aeroporto de Cabul \u00e9 alvo de explos\u00e3o; Talib\u00e3 fala em 13 mortos"},"content":{"rendered":"\n<p>Nesta quinta-feira (26), uma explos\u00e3o e tiros foram ouvidos do lado de fora do aeroporto de Cabul, capital do Afeganist\u00e3o. H\u00e1 relatos de feridos e o Talib\u00e3 afirma que 13 pessoas morreram.<\/p>\n\n\n\n<!--more-->\n\n\n\n<p>A explos\u00e3o foi confirmada por um porta-voz do Pent\u00e1gono, nos Estados Unidos. <strong><em>&#8220;Podemos confirmar uma explos\u00e3o fora do aeroporto de Cabul. As v\u00edtimas n\u00e3o est\u00e3o claras neste momento&#8221;, disse John Kirby. &#8220;Forneceremos detalhes adicionais quando pudermos&#8221;<\/em><\/strong>.<\/p>\n\n\n\n<div class=\"wp-block-image\"><figure class=\"alignleft size-large is-resized\"><img fetchpriority=\"high\" decoding=\"async\" src=\"https:\/\/www.portalalerta.com.br\/wp-content\/uploads\/2021\/07\/Real-Calcados-Liquida-Inverno-1-1024x1024.jpeg\" alt=\"\" class=\"wp-image-36890\" width=\"307\" height=\"307\"\/><\/figure><\/div>\n\n\n\n<p>A explos\u00e3o ocorreu horas ap\u00f3s Estados Unidos, Reino Unido e Austr\u00e1lia\u00a0alertarem para o risco de um atentado &#8220;iminente&#8221; no aeroporto\u00a0e pediram a seus cidad\u00e3os que abandonassem imediatamente o local devido a uma amea\u00e7a terrorista.<\/p>\n\n\n\n<p><strong><em>&#8220;As informa\u00e7\u00f5es obtidas ao longo da semana s\u00e3o cada vez mais s\u00e9rias e fazem refer\u00eancia a uma amea\u00e7a iminente e grave&#8221;<\/em><\/strong>, declarou mais cedo o secret\u00e1rio de Estado brit\u00e2nico das For\u00e7as Armadas, James Heappey. <strong><em>&#8220;\u00c9 uma amea\u00e7a muito s\u00e9ria, muito iminente&#8221;.<\/em><\/strong><\/p>\n\n\n\n<p><strong>Aeroporto \u00e9 centro de evacua\u00e7\u00e3o<\/strong><\/p>\n\n\n\n<p>No momento, o aeroporto internacional Hamid Karzai \u00e9 a \u00fanica op\u00e7\u00e3o para afeg\u00e3os e estrangeiros que desejam sair do pa\u00eds. Pa\u00edses ocidentais realizam voos de retirada, que j\u00e1 resgataram quase 90 mil pessoas desde a tomada de poder pelo Talib\u00e3, em 15 de agosto. At\u00e9 hoje pessoas se aglomeram nos arredores do aeroporto para tentar uma vaga em um voo.<\/p>\n\n\n\n<p>O jornal The New York Times informou que ao menos 250 mil afeg\u00e3os que trabalharam para os EUA ainda n\u00e3o foram retirados do pa\u00eds. No atual ritmo, n\u00e3o ser\u00e1 poss\u00edvel retirar todos at\u00e9 o dia 31 deste m\u00eas.<\/p>\n\n\n\n<p>A estimativa \u00e9 baseada em relat\u00f3rios que s\u00e3o publicados anualmente pelo Departamento de Defesa dos EUA, e analisados pela Associa\u00e7\u00e3o dos Aliados em Tempo de Guerra (grupo que defende os afeg\u00e3os que trabalharam para os EUA) e pesquisadores da American University.<\/p>\n\n\n\n<p>Os EUA e as for\u00e7as aliadas t\u00eam at\u00e9 ter\u00e7a-feira (31) para deixar o pa\u00eds, data que foi anunciada pelo presidente norte-americano, Joe Biden, no come\u00e7o de julho.<\/p>\n\n\n\n<p>Agora, aliados pressionam o governo norte-americano para adiar a data da sa\u00edda definitiva do Afeganist\u00e3o, para dar mais tempo para evacua\u00e7\u00e3o de estrangeiros e afeg\u00e3os. Biden, no entanto, negou o pedido. O grupo Talib\u00e3 tamb\u00e9m j\u00e1 havia afirmado que n\u00e3o aceitaria a altera\u00e7\u00e3o do prazo.<\/p>\n\n\n\n<p><strong>Presen\u00e7a do Estado Isl\u00e2mico<\/strong><\/p>\n\n\n\n<p>Entre as raz\u00f5es para n\u00e3o prorrogar a sa\u00edda, segundo Biden, est\u00e1 a amea\u00e7a terrorista do grupo Estado Isl\u00e2mico, que realizou ataques violentos no Paquist\u00e3o e Afeganist\u00e3o nos \u00faltimos anos.<\/p>\n\n\n\n<p><strong><em>&#8220;A cada dia, as opera\u00e7\u00f5es suscitam um risco suplementar para nossas tropas&#8221;<\/em><\/strong>, disse o presidente norte-americano, citando a probabilidade de um atentado do Estado Isl\u00e2mico em Cabul. <strong><em>&#8220;O inimigo n\u00famero 1 dos talib\u00e3s visa o aeroporto para atacar as for\u00e7as americanas e aliadas, bem como civis inocentes&#8221;.<\/em><\/strong><\/p>\n\n\n\n<p>O Estado Isl\u00e2mico e o Talib\u00e3, apesar de ambos serem sunistas radicais, s\u00e3o rivais. O primeiro criticou o acordo de paz do segundo com os EUA, acusando os rivais de abandonarem a causa jihadista.<\/p>\n\n\n\n<p><em>Fonte: Yahoo Not\u00edcias<\/em><\/p>\n","protected":false},"excerpt":{"rendered":"<p>Nesta quinta-feira (26), uma explos\u00e3o e tiros foram ouvidos do lado de fora do aeroporto de Cabul, capital do Afeganist\u00e3o. H\u00e1 relatos de feridos e o Talib\u00e3 afirma que 13 pessoas morreram.<\/p>\n","protected":false},"author":2,"featured_media":37623,"comment_status":"open","ping_status":"open","sticky":false,"template":"","format":"standard","meta":{"om_disable_all_campaigns":false,"_monsterinsights_skip_tracking":false,"_monsterinsights_sitenote_active":false,"_monsterinsights_sitenote_note":"","_monsterinsights_sitenote_category":0,"footnotes":""},"categories":[70,35,69,22],"tags":[506,4779,113,339,164],"class_list":["post-37619","post","type-post","status-publish","format-standard","has-post-thumbnail","hentry","category-destaques","category-mundo","category-noticias2","category-seguranca","tag-aeroporto","tag-cabul","tag-explosao","tag-mundo","tag-tiros"],"aioseo_notices":[],"_links":{"self":[{"href":"https:\/\/www.portalalerta.com.br\/index.php\/wp-json\/wp\/v2\/posts\/37619","targetHints":{"allow":["GET"]}}],"collection":[{"href":"https:\/\/www.portalalerta.com.br\/index.php\/wp-json\/wp\/v2\/posts"}],"about":[{"href":"https:\/\/www.portalalerta.com.br\/index.php\/wp-json\/wp\/v2\/types\/post"}],"author":[{"embeddable":true,"href":"https:\/\/www.portalalerta.com.br\/index.php\/wp-json\/wp\/v2\/users\/2"}],"replies":[{"embeddable":true,"href":"https:\/\/www.portalalerta.com.br\/index.php\/wp-json\/wp\/v2\/comments?post=37619"}],"version-history":[{"count":1,"href":"https:\/\/www.portalalerta.com.br\/index.php\/wp-json\/wp\/v2\/posts\/37619\/revisions"}],"predecessor-version":[{"id":37624,"href":"https:\/\/www.portalalerta.com.br\/index.php\/wp-json\/wp\/v2\/posts\/37619\/revisions\/37624"}],"wp:featuredmedia":[{"embeddable":true,"href":"https:\/\/www.portalalerta.com.br\/index.php\/wp-json\/wp\/v2\/media\/37623"}],"wp:attachment":[{"href":"https:\/\/www.portalalerta.com.br\/index.php\/wp-json\/wp\/v2\/media?parent=37619"}],"wp:term":[{"taxonomy":"category","embeddable":true,"href":"https:\/\/www.portalalerta.com.br\/index.php\/wp-json\/wp\/v2\/categories?post=37619"},{"taxonomy":"post_tag","embeddable":true,"href":"https:\/\/www.portalalerta.com.br\/index.php\/wp-json\/wp\/v2\/tags?post=37619"}],"curies":[{"name":"wp","href":"https:\/\/api.w.org\/{rel}","templated":true}]}}