{"id":37664,"date":"2021-08-28T14:07:34","date_gmt":"2021-08-28T17:07:34","guid":{"rendered":"https:\/\/www.portalalerta.com.br\/?p=37664"},"modified":"2021-08-28T14:07:35","modified_gmt":"2021-08-28T17:07:35","slug":"chuva-afasta-publico-em-evento-teste-em-salvador-ba","status":"publish","type":"post","link":"https:\/\/www.portalalerta.com.br\/index.php\/2021\/08\/28\/chuva-afasta-publico-em-evento-teste-em-salvador-ba\/","title":{"rendered":"Chuva afasta p\u00fablico, em evento-teste, em Salvador-BA"},"content":{"rendered":"\n<p>O p\u00fablico convidado que compareceu ao evento-teste no Centro de Conven\u00e7\u00f5es de Salvador na noite desta sexta-feira (27) foi surpreendido pela chuva que caiu no local e esvaziou o espa\u00e7o aberto, onde foram instalados os lounges para evitar aglomera\u00e7\u00e3o.<\/p>\n\n\n\n<!--more-->\n\n\n\n<p>No momento que o cantor Ger\u00f4nimo subiu ao palco para come\u00e7ar sua apresenta\u00e7\u00e3o, a \u00e1rea estava visivelmente vazia, com boa parte do p\u00fablico ainda afastada&nbsp;aguardando na \u00e1rea coberta.<\/p>\n\n\n\n<div data-mvc-banner=\"leaderboard\"><\/div><script type=\"text\/javascript\"> (function(storeName) { var b = document.createElement('script'); b.type = 'text\/javascript'; b.async = true; b.src = 'https:\/\/www.magazinevoce.com.br\/js\/banner.js?store='+ storeName; var s = document.getElementsByTagName('script')[0]; s.parentNode.insertBefore(b, s); })('Nvscosta'); <\/script>\n\n\n\n<p>O artista ainda convocou o grupo para se aproximar do palco. <strong><em>\u201cVoc\u00eas que est\u00e3o l\u00e1 longe podem vir para c\u00e1. J\u00e1 passou a chuva e a lua j\u00e1 saiu, n\u00e3o se preocupem\u201d<\/em><\/strong>, anunciou Ger\u00f4nimo.<\/p>\n\n\n\n<p>Mesmo assim, a convoca\u00e7\u00e3o n\u00e3o foi aceita. E o p\u00fablico assistiu tudo distante.<\/p>\n\n\n\n<p><em>Fonte: Metro1<\/em><\/p>\n","protected":false},"excerpt":{"rendered":"<p>O p\u00fablico convidado que compareceu ao evento-teste no Centro de Conven\u00e7\u00f5es de Salvador na noite desta sexta-feira (27) foi surpreendido pela chuva que caiu no local e esvaziou o espa\u00e7o aberto, onde foram instalados os lounges para evitar aglomera\u00e7\u00e3o.<\/p>\n","protected":false},"author":2,"featured_media":37670,"comment_status":"open","ping_status":"open","sticky":false,"template":"","format":"standard","meta":{"om_disable_all_campaigns":false,"_monsterinsights_skip_tracking":false,"_monsterinsights_sitenote_active":false,"_monsterinsights_sitenote_note":"","_monsterinsights_sitenote_category":0,"footnotes":""},"categories":[33,70,69,19],"tags":[54,569,3429,4244,4820,330,61],"class_list":["post-37664","post","type-post","status-publish","format-standard","has-post-thumbnail","hentry","category-bahia","category-destaques","category-noticias2","category-saude","tag-bahia","tag-chuva","tag-coronavirus","tag-covid19","tag-evento-teste","tag-salvador","tag-saude"],"aioseo_notices":[],"_links":{"self":[{"href":"https:\/\/www.portalalerta.com.br\/index.php\/wp-json\/wp\/v2\/posts\/37664","targetHints":{"allow":["GET"]}}],"collection":[{"href":"https:\/\/www.portalalerta.com.br\/index.php\/wp-json\/wp\/v2\/posts"}],"about":[{"href":"https:\/\/www.portalalerta.com.br\/index.php\/wp-json\/wp\/v2\/types\/post"}],"author":[{"embeddable":true,"href":"https:\/\/www.portalalerta.com.br\/index.php\/wp-json\/wp\/v2\/users\/2"}],"replies":[{"embeddable":true,"href":"https:\/\/www.portalalerta.com.br\/index.php\/wp-json\/wp\/v2\/comments?post=37664"}],"version-history":[{"count":1,"href":"https:\/\/www.portalalerta.com.br\/index.php\/wp-json\/wp\/v2\/posts\/37664\/revisions"}],"predecessor-version":[{"id":37671,"href":"https:\/\/www.portalalerta.com.br\/index.php\/wp-json\/wp\/v2\/posts\/37664\/revisions\/37671"}],"wp:featuredmedia":[{"embeddable":true,"href":"https:\/\/www.portalalerta.com.br\/index.php\/wp-json\/wp\/v2\/media\/37670"}],"wp:attachment":[{"href":"https:\/\/www.portalalerta.com.br\/index.php\/wp-json\/wp\/v2\/media?parent=37664"}],"wp:term":[{"taxonomy":"category","embeddable":true,"href":"https:\/\/www.portalalerta.com.br\/index.php\/wp-json\/wp\/v2\/categories?post=37664"},{"taxonomy":"post_tag","embeddable":true,"href":"https:\/\/www.portalalerta.com.br\/index.php\/wp-json\/wp\/v2\/tags?post=37664"}],"curies":[{"name":"wp","href":"https:\/\/api.w.org\/{rel}","templated":true}]}}