{"id":37800,"date":"2021-09-03T07:00:00","date_gmt":"2021-09-03T10:00:00","guid":{"rendered":"https:\/\/www.portalalerta.com.br\/?p=37800"},"modified":"2021-09-02T23:13:40","modified_gmt":"2021-09-03T02:13:40","slug":"camara-dos-deputados-aprova-reforma-do-imposto-de-renda","status":"publish","type":"post","link":"https:\/\/www.portalalerta.com.br\/index.php\/2021\/09\/03\/camara-dos-deputados-aprova-reforma-do-imposto-de-renda\/","title":{"rendered":"C\u00e2mara dos Deputados aprova reforma do Imposto de Renda"},"content":{"rendered":"\n<p><strong>Apenas destaque com al\u00edquota de tributa\u00e7\u00e3o de lucros e dividendos em 15% foi aprovado. Relat\u00f3rio previa 20%<\/strong><\/p>\n\n\n\n<!--more-->\n\n\n\n<p>Os deputados finalizaram nesta quinta-feira (2) a vota\u00e7\u00e3o da\u00a0reforma do Imposto de Renda (PL 2337\/21).\u00a0O projeto segue agora para aprecia\u00e7\u00e3o no Senado.\u00a0<\/p>\n\n\n\n<p>O texto-base foi aprovado na quarta-feira (1\u00ba), ap\u00f3s acordo com a oposi\u00e7\u00e3o. Nesta quinta-feira os deputados votaram emendas destacadas com altera\u00e7\u00f5es no texto.<\/p>\n\n\n\n<div class=\"wp-block-image\"><figure class=\"alignleft size-large is-resized\"><img fetchpriority=\"high\" decoding=\"async\" src=\"https:\/\/www.portalalerta.com.br\/wp-content\/uploads\/2021\/04\/ELAB.jpg\" alt=\"\" class=\"wp-image-34795\" width=\"319\" height=\"255\" srcset=\"https:\/\/www.portalalerta.com.br\/wp-content\/uploads\/2021\/04\/ELAB.jpg 1000w, https:\/\/www.portalalerta.com.br\/wp-content\/uploads\/2021\/04\/ELAB-300x240.jpg 300w, https:\/\/www.portalalerta.com.br\/wp-content\/uploads\/2021\/04\/ELAB-768x614.jpg 768w, https:\/\/www.portalalerta.com.br\/wp-content\/uploads\/2021\/04\/ELAB-183x146.jpg 183w, https:\/\/www.portalalerta.com.br\/wp-content\/uploads\/2021\/04\/ELAB-50x40.jpg 50w, https:\/\/www.portalalerta.com.br\/wp-content\/uploads\/2021\/04\/ELAB-94x75.jpg 94w\" sizes=\"(max-width: 319px) 100vw, 319px\" \/><\/figure><\/div>\n\n\n\n<p>O \u00fanico destaque aprovado foi da emenda 125, que prev\u00ea\u00a0al\u00edquota de tributa\u00e7\u00e3o para lucros de dividendos de 15%.\u00a0Desde 1995 n\u00e3o existe no Brasil tributa\u00e7\u00e3o sobre lucros e dividendos distribu\u00eddos pelas empresas aos investidores. O destaque foi aprovado com 319 votos contra 140, e duas absten\u00e7\u00f5es.<\/p>\n\n\n\n<p>O texto sofreu muitas resist\u00eancias durante a tramita\u00e7\u00e3o e teve apresenta\u00e7\u00e3o de quatro vers\u00f5es do relat\u00f3rio e tr\u00eas tentativas de vota\u00e7\u00e3o. O governo chegou a cogitar desistir do projeto quando houve risco de queda grande de arrecada\u00e7\u00e3o para Estados e munic\u00edpios.<\/p>\n\n\n\n<p><strong>IR das empresas<\/strong><\/p>\n\n\n\n<p>O texto-base do relator previu um corte de sete pontos percentuais (de 15% para 8%) na al\u00edquota do IRPJ (Imposto de Renda das empresas).<\/p>\n\n\n\n<p>J\u00e1 a Contribui\u00e7\u00e3o Social sobre o Lucro L\u00edquido (CSLL) diminuir\u00e1 0,5 ponto percentual em duas etapas, condicionadas \u00e0 redu\u00e7\u00e3o de incentivos tribut\u00e1rios que aumentar\u00e3o a arrecada\u00e7\u00e3o. Assim, o total, ap\u00f3s o fim desses incentivos, ser\u00e1 de 1 ponto percentual a menos, passando de 9% para 8% no caso geral. Bancos passar\u00e3o de 20% para 19%; e demais institui\u00e7\u00f5es financeiras, de 15% para 14%.<\/p>\n\n\n\n<p>Apesar da taxa\u00e7\u00e3o de lucros e dividendos, ficam isentos da cobran\u00e7a os lucros e dividendos distribu\u00eddos por empresas do Simples Nacional e optantes do regime de lucro presumido com faturamento de at\u00e9 R$ 4,8 milh\u00f5es, assim como dividendos at\u00e9 R$ 20 mil distribu\u00eddos por pequenas empresas e os distribu\u00eddos entre integrantes do mesmo grupo econ\u00f4mico.<\/p>\n\n\n\n<p>O texto prev\u00ea o fim da dedutibilidade dos Juros sobre Capital Pr\u00f3prio (JCP).<\/p>\n\n\n\n<p><strong>Pessoas F\u00edsicas<\/strong><\/p>\n\n\n\n<p>A reforma do Imposto de Renda atualiza a tabela do Imposto de Renda (IR) de pessoas f\u00edsicas,\u00a0isentando trabalhadores com carteira assinada que recebem at\u00e9 R$ 2,5 mil.\u00a0O limite atual \u00e9 de R$ 1,9 mil. Os valores das demais faixas do IR tamb\u00e9m ser\u00e3o reajustados.<\/p>\n\n\n\n<p>As demais faixas ter\u00e3o reajuste entre 13,2% e 13,6%, enquanto as parcelas a deduzir aumentam de 16% a 31%. Dedu\u00e7\u00f5es com dependentes e educa\u00e7\u00e3o continuam no mesmo valor. Todas as mudan\u00e7as valer\u00e3o a partir de 2022.<\/p>\n\n\n\n<p>Inicialmente, o projeto previa um limite de R$ 40 mil de renda anual para o contribuinte optar pela declara\u00e7\u00e3o simplificada de Imposto de Renda, mas em negocia\u00e7\u00e3o com a oposi\u00e7\u00e3o a declara\u00e7\u00e3o simplificada ficou sem limite de renda anual, por\u00e9m com desconto limitado a R$ 10.563,60, em vez dos R$ 16.754,34 permitidos hoje.<\/p>\n\n\n\n<p>Atualmente, o desconto \u00e9 de 20% dos rendimentos tribut\u00e1veis, limitado a R$ 16.754,34, e substitui todas as dedu\u00e7\u00f5es permitidas, como gastos com sa\u00fade, educa\u00e7\u00e3o e dependentes.<\/p>\n\n\n\n<p>Pela proposta inicial, esse desconto somente seria poss\u00edvel para aqueles que ganham at\u00e9 R$ 40 mil por ano, limitado a R$ 8 mil (20%).<\/p>\n\n\n\n<p>Para compensar a perda de arrecada\u00e7\u00e3o com a redu\u00e7\u00e3o do imposto das empresas e das pessoas f\u00edsicas, o relator prop\u00f4s cortar alguns benef\u00edcios fiscais, como isen\u00e7\u00e3o de IR sobre aux\u00edlio-moradia de agentes p\u00fablicos.<\/p>\n\n\n\n<p>Apesar das mudan\u00e7as no projeto original do Executivo, o relator afirmou que n\u00e3o haver\u00e1 impacto na arrecada\u00e7\u00e3o inicialmente projetada pelo governo. &#8220;Impacto zero. N\u00e3o vamos ter contribui\u00e7\u00e3o alguma para o aumento do d\u00e9ficit fiscal. Pelo contr\u00e1rio, acreditamos que as medidas de desonera\u00e7\u00e3o do capital produtivo v\u00e3o impulsionar a economia, que vai gerar mais arrecada\u00e7\u00e3o&#8221;, disse Celso Sabino.<\/p>\n\n\n\n<p>Ele afirmou que j\u00e1 previa a redu\u00e7\u00e3o da al\u00edquota para distribui\u00e7\u00e3o de dividendos, por isso aumentou a al\u00edquota das empresas, inicialmente prevista em 6,5%, para 8%.<\/p>\n\n\n\n<p>Apesar de ser neutra para o governo, a reforma vai atingir alguns contribuintes, conforme reconheceu o relator. &#8220;A ampla maioria vai pagar menos, mas o indiv\u00edduo que receba R$ 70 milh\u00f5es de renda por dividendos vai pagar mais imposto&#8221;, comentou.<\/p>\n\n\n\n<p><em>Fonte: R7<\/em><\/p>\n","protected":false},"excerpt":{"rendered":"<p>Apenas destaque com al\u00edquota de tributa\u00e7\u00e3o de lucros e dividendos em 15% foi aprovado. Relat\u00f3rio previa 20%<\/p>\n","protected":false},"author":2,"featured_media":15060,"comment_status":"open","ping_status":"open","sticky":false,"template":"","format":"standard","meta":{"om_disable_all_campaigns":false,"_monsterinsights_skip_tracking":false,"_monsterinsights_sitenote_active":false,"_monsterinsights_sitenote_note":"","_monsterinsights_sitenote_category":0,"footnotes":""},"categories":[34,70,69,21],"tags":[93,186,660,2511],"class_list":["post-37800","post","type-post","status-publish","format-standard","has-post-thumbnail","hentry","category-brasil","category-destaques","category-noticias2","category-politica","tag-brasil","tag-camara-dos-deputados","tag-imposto-de-renda","tag-reforma"],"aioseo_notices":[],"_links":{"self":[{"href":"https:\/\/www.portalalerta.com.br\/index.php\/wp-json\/wp\/v2\/posts\/37800","targetHints":{"allow":["GET"]}}],"collection":[{"href":"https:\/\/www.portalalerta.com.br\/index.php\/wp-json\/wp\/v2\/posts"}],"about":[{"href":"https:\/\/www.portalalerta.com.br\/index.php\/wp-json\/wp\/v2\/types\/post"}],"author":[{"embeddable":true,"href":"https:\/\/www.portalalerta.com.br\/index.php\/wp-json\/wp\/v2\/users\/2"}],"replies":[{"embeddable":true,"href":"https:\/\/www.portalalerta.com.br\/index.php\/wp-json\/wp\/v2\/comments?post=37800"}],"version-history":[{"count":1,"href":"https:\/\/www.portalalerta.com.br\/index.php\/wp-json\/wp\/v2\/posts\/37800\/revisions"}],"predecessor-version":[{"id":37808,"href":"https:\/\/www.portalalerta.com.br\/index.php\/wp-json\/wp\/v2\/posts\/37800\/revisions\/37808"}],"wp:featuredmedia":[{"embeddable":true,"href":"https:\/\/www.portalalerta.com.br\/index.php\/wp-json\/wp\/v2\/media\/15060"}],"wp:attachment":[{"href":"https:\/\/www.portalalerta.com.br\/index.php\/wp-json\/wp\/v2\/media?parent=37800"}],"wp:term":[{"taxonomy":"category","embeddable":true,"href":"https:\/\/www.portalalerta.com.br\/index.php\/wp-json\/wp\/v2\/categories?post=37800"},{"taxonomy":"post_tag","embeddable":true,"href":"https:\/\/www.portalalerta.com.br\/index.php\/wp-json\/wp\/v2\/tags?post=37800"}],"curies":[{"name":"wp","href":"https:\/\/api.w.org\/{rel}","templated":true}]}}