{"id":37802,"date":"2021-09-03T07:03:00","date_gmt":"2021-09-03T10:03:00","guid":{"rendered":"https:\/\/www.portalalerta.com.br\/?p=37802"},"modified":"2021-09-02T23:38:11","modified_gmt":"2021-09-03T02:38:11","slug":"apos-suspensao-do-julgamento-de-marco-temporal-indios-kiriris-desbloqueiam-ba-388","status":"publish","type":"post","link":"https:\/\/www.portalalerta.com.br\/index.php\/2021\/09\/03\/apos-suspensao-do-julgamento-de-marco-temporal-indios-kiriris-desbloqueiam-ba-388\/","title":{"rendered":"Ap\u00f3s suspens\u00e3o do julgamento de Marco Temporal, \u00edndios Kiriris desbloqueiam BA 388"},"content":{"rendered":"\n<p>O julgamento do \u201cmarco temporal\u201d sobre a demarca\u00e7\u00e3o de terras ind\u00edgenas foi suspenso pela terceira sess\u00e3o seguida pelo presidente do\u00a0Supremo Tribunal Federal (STF),\u00a0Luiz Fux, para evitar o fracionamento do voto do relator do caso, ministro\u00a0Edson Fachin, e ser\u00e1 retomado no dia 8 de setembro.<\/p>\n\n\n\n<!--more-->\n\n\n\n<p>Desta forma, ind\u00edgenas Kiriris, decidiram desbloquear a BA 388, principal via de acesso entre Ribeira do Pombal-BA e Banza\u00ea-BA. A desobstru\u00e7\u00e3o aconteceu por volta das 18hs desta quinta-feira (02), aproximadamente 24 horas ap\u00f3s o bloqueio.<\/p>\n\n\n\n<p><strong>Marco Temporal<\/strong><\/p>\n\n\n\n<div class=\"wp-block-image\"><figure class=\"alignleft size-large is-resized\"><img fetchpriority=\"high\" decoding=\"async\" src=\"https:\/\/www.portalalerta.com.br\/wp-content\/uploads\/2021\/04\/ELAB.jpg\" alt=\"\" class=\"wp-image-34795\" width=\"326\" height=\"261\" srcset=\"https:\/\/www.portalalerta.com.br\/wp-content\/uploads\/2021\/04\/ELAB.jpg 1000w, https:\/\/www.portalalerta.com.br\/wp-content\/uploads\/2021\/04\/ELAB-300x240.jpg 300w, https:\/\/www.portalalerta.com.br\/wp-content\/uploads\/2021\/04\/ELAB-768x614.jpg 768w, https:\/\/www.portalalerta.com.br\/wp-content\/uploads\/2021\/04\/ELAB-183x146.jpg 183w, https:\/\/www.portalalerta.com.br\/wp-content\/uploads\/2021\/04\/ELAB-50x40.jpg 50w, https:\/\/www.portalalerta.com.br\/wp-content\/uploads\/2021\/04\/ELAB-94x75.jpg 94w\" sizes=\"(max-width: 326px) 100vw, 326px\" \/><\/figure><\/div>\n\n\n\n<p>A medida \u00e9 defendida por ruralistas, determinando que a demarca\u00e7\u00e3o de uma terra ind\u00edgena s\u00f3 pode acontecer se for comprovado que os \u00edndios estavam sobre o espa\u00e7o requerido antes de 5 de outubro de 1988, data da aprova\u00e7\u00e3o da atual Constitui\u00e7\u00e3o Federal.<\/p>\n\n\n\n<p>Est\u00e1 sendo julgada a a\u00e7\u00e3o do Instituto do Meio Ambiente do Estado de Santa Catarina (IMA) contra o povo Xokleng, que segundo a entidade, ocupou uma \u00e1rea ind\u00edgena localizada na Reserva Biol\u00f3gica de Sassafr\u00e1s, distante cerca de 200 km de Florian\u00f3polis, ap\u00f3s a data de promulga\u00e7\u00e3o da Constitui\u00e7\u00e3o.<\/p>\n\n\n\n<p>O recurso tem repercuss\u00e3o geral. O julgamento do tema permitir\u00e1 a resolu\u00e7\u00e3o de aproximadamente de 82 casos semelhantes que suspensos em outras inst\u00e2ncias da Justi\u00e7a brasileira.<\/p>\n\n\n\n<p><em>Fonte: CNN<\/em><\/p>\n\n\n\n<p><em>Edi\u00e7\u00e3o: Portal Alerta<\/em><\/p>\n","protected":false},"excerpt":{"rendered":"<p>O julgamento do \u201cmarco temporal\u201d sobre a demarca\u00e7\u00e3o de terras ind\u00edgenas foi suspenso pela terceira sess\u00e3o seguida pelo presidente do\u00a0Supremo Tribunal Federal (STF),\u00a0Luiz Fux, para evitar o fracionamento do voto do relator do caso, ministro\u00a0Edson Fachin, e ser\u00e1 retomado no dia 8 de setembro.<\/p>\n","protected":false},"author":2,"featured_media":37787,"comment_status":"open","ping_status":"open","sticky":false,"template":"","format":"standard","meta":{"om_disable_all_campaigns":false,"_monsterinsights_skip_tracking":false,"_monsterinsights_sitenote_active":false,"_monsterinsights_sitenote_note":"","_monsterinsights_sitenote_category":0,"footnotes":""},"categories":[39,34,70,69,32,3],"tags":[3016,49,483,302,4836,47,216],"class_list":["post-37802","post","type-post","status-publish","format-standard","has-post-thumbnail","hentry","category-banzae","category-brasil","category-destaques","category-noticias2","category-regiao","category-ribeira-do-pombal","tag-ba-388","tag-banzae","tag-indios","tag-julgamento","tag-marco-temporal","tag-ribeira-do-pombal","tag-stf"],"aioseo_notices":[],"_links":{"self":[{"href":"https:\/\/www.portalalerta.com.br\/index.php\/wp-json\/wp\/v2\/posts\/37802","targetHints":{"allow":["GET"]}}],"collection":[{"href":"https:\/\/www.portalalerta.com.br\/index.php\/wp-json\/wp\/v2\/posts"}],"about":[{"href":"https:\/\/www.portalalerta.com.br\/index.php\/wp-json\/wp\/v2\/types\/post"}],"author":[{"embeddable":true,"href":"https:\/\/www.portalalerta.com.br\/index.php\/wp-json\/wp\/v2\/users\/2"}],"replies":[{"embeddable":true,"href":"https:\/\/www.portalalerta.com.br\/index.php\/wp-json\/wp\/v2\/comments?post=37802"}],"version-history":[{"count":1,"href":"https:\/\/www.portalalerta.com.br\/index.php\/wp-json\/wp\/v2\/posts\/37802\/revisions"}],"predecessor-version":[{"id":37812,"href":"https:\/\/www.portalalerta.com.br\/index.php\/wp-json\/wp\/v2\/posts\/37802\/revisions\/37812"}],"wp:featuredmedia":[{"embeddable":true,"href":"https:\/\/www.portalalerta.com.br\/index.php\/wp-json\/wp\/v2\/media\/37787"}],"wp:attachment":[{"href":"https:\/\/www.portalalerta.com.br\/index.php\/wp-json\/wp\/v2\/media?parent=37802"}],"wp:term":[{"taxonomy":"category","embeddable":true,"href":"https:\/\/www.portalalerta.com.br\/index.php\/wp-json\/wp\/v2\/categories?post=37802"},{"taxonomy":"post_tag","embeddable":true,"href":"https:\/\/www.portalalerta.com.br\/index.php\/wp-json\/wp\/v2\/tags?post=37802"}],"curies":[{"name":"wp","href":"https:\/\/api.w.org\/{rel}","templated":true}]}}