{"id":37803,"date":"2021-09-03T07:02:00","date_gmt":"2021-09-03T10:02:00","guid":{"rendered":"https:\/\/www.portalalerta.com.br\/?p=37803"},"modified":"2021-09-02T23:29:14","modified_gmt":"2021-09-03T02:29:14","slug":"covid-19-bahia-ultrapassa-80-do-publico-adulto-vacinado-com-pelo-menos-uma-dose","status":"publish","type":"post","link":"https:\/\/www.portalalerta.com.br\/index.php\/2021\/09\/03\/covid-19-bahia-ultrapassa-80-do-publico-adulto-vacinado-com-pelo-menos-uma-dose\/","title":{"rendered":"Covid-19: Bahia ultrapassa 80% do p\u00fablico adulto vacinado com pelo menos uma dose"},"content":{"rendered":"\n<p>Em Salvador, 89% do p\u00fablico alvo (adultos e adolescentes cadastrados) recebeu ao menos uma dose de imunizantes contra doen\u00e7a<\/p>\n\n\n\n<!--more-->\n\n\n\n<p>A Bahia tem &nbsp;8.671.555 de pessoas vacinadas contra a Covid-19 com a primeira dose, dos quais 3.739.785 receberam tamb\u00e9m a segunda aplica\u00e7\u00e3o, e mais 254.964 vacinados com o imunizante de dose \u00fanica. Ou seja, h\u00e1 8.926.519 baianos que receberam, ao menos, a primeira dose de imunizantes contra o coronav\u00edrus e, entre estes, 3.994.749 completaram a imuniza\u00e7\u00e3o.<\/p>\n\n\n\n<div data-mvc-banner=\"leaderboard\"><\/div><script type=\"text\/javascript\"> (function(storeName) { var b = document.createElement('script'); b.type = 'text\/javascript'; b.async = true; b.src = 'https:\/\/www.magazinevoce.com.br\/js\/banner.js?store='+ storeName; var s = document.getElementsByTagName('script')[0]; s.parentNode.insertBefore(b, s); })('Nvscosta'); <\/script>\n\n\n\n<p>At\u00e9 esta quarta-feira (1\u00ba), a Bahia j\u00e1 vacinou 80,5% da popula\u00e7\u00e3o baiana com 18 anos ou mais (estimada em 11.087.169) com, pelo menos, a primeira dose ou com a vacina de dose \u00fanica e 36% est\u00e1 totalmente imunizada.<\/p>\n\n\n\n<p>Em Salvador, 1.895.302 receberam a primeira dose ou dose \u00fanica da vacina, o que corresponde a 89,4% do p\u00fablico alvo (2.119.195 pessoas, sendo 1.977.574 indiv\u00edduos com 18 anos ou mais e 141.621 adolescentes cadastrados) vacinado. A parcela da popula\u00e7\u00e3o totalmente imunizada \u00e9 de 892.334 pessoas, ou seja, 42%.<\/p>\n\n\n\n<p>J\u00e1 a terceira dose, de refor\u00e7o, para os idosos com 80 anos ou mais e imunossuprimidos, foi aplicada em 2.700 indiv\u00edduos na capital baiana.<\/p>\n\n\n\n<p><em>Fonte: Metro1<\/em><\/p>\n","protected":false},"excerpt":{"rendered":"<p>Em Salvador, 89% do p\u00fablico alvo (adultos e adolescentes cadastrados) recebeu ao menos uma dose de imunizantes contra doen\u00e7a<\/p>\n","protected":false},"author":2,"featured_media":37487,"comment_status":"open","ping_status":"open","sticky":false,"template":"","format":"standard","meta":{"om_disable_all_campaigns":false,"_monsterinsights_skip_tracking":false,"_monsterinsights_sitenote_active":false,"_monsterinsights_sitenote_note":"","_monsterinsights_sitenote_category":0,"footnotes":""},"categories":[33,70,69,19],"tags":[54,3429,3486,61,3570,371],"class_list":["post-37803","post","type-post","status-publish","format-standard","has-post-thumbnail","hentry","category-bahia","category-destaques","category-noticias2","category-saude","tag-bahia","tag-coronavirus","tag-covid-19","tag-saude","tag-vacina","tag-vacinacao"],"aioseo_notices":[],"_links":{"self":[{"href":"https:\/\/www.portalalerta.com.br\/index.php\/wp-json\/wp\/v2\/posts\/37803","targetHints":{"allow":["GET"]}}],"collection":[{"href":"https:\/\/www.portalalerta.com.br\/index.php\/wp-json\/wp\/v2\/posts"}],"about":[{"href":"https:\/\/www.portalalerta.com.br\/index.php\/wp-json\/wp\/v2\/types\/post"}],"author":[{"embeddable":true,"href":"https:\/\/www.portalalerta.com.br\/index.php\/wp-json\/wp\/v2\/users\/2"}],"replies":[{"embeddable":true,"href":"https:\/\/www.portalalerta.com.br\/index.php\/wp-json\/wp\/v2\/comments?post=37803"}],"version-history":[{"count":1,"href":"https:\/\/www.portalalerta.com.br\/index.php\/wp-json\/wp\/v2\/posts\/37803\/revisions"}],"predecessor-version":[{"id":37811,"href":"https:\/\/www.portalalerta.com.br\/index.php\/wp-json\/wp\/v2\/posts\/37803\/revisions\/37811"}],"wp:featuredmedia":[{"embeddable":true,"href":"https:\/\/www.portalalerta.com.br\/index.php\/wp-json\/wp\/v2\/media\/37487"}],"wp:attachment":[{"href":"https:\/\/www.portalalerta.com.br\/index.php\/wp-json\/wp\/v2\/media?parent=37803"}],"wp:term":[{"taxonomy":"category","embeddable":true,"href":"https:\/\/www.portalalerta.com.br\/index.php\/wp-json\/wp\/v2\/categories?post=37803"},{"taxonomy":"post_tag","embeddable":true,"href":"https:\/\/www.portalalerta.com.br\/index.php\/wp-json\/wp\/v2\/tags?post=37803"}],"curies":[{"name":"wp","href":"https:\/\/api.w.org\/{rel}","templated":true}]}}