{"id":37804,"date":"2021-09-03T12:00:00","date_gmt":"2021-09-03T15:00:00","guid":{"rendered":"https:\/\/www.portalalerta.com.br\/?p=37804"},"modified":"2021-09-02T23:46:03","modified_gmt":"2021-09-03T02:46:03","slug":"queiroga-nega-pedido-de-demissao-do-ministerio-da-saude-e-jura-fidelidade-a-bolsonaro","status":"publish","type":"post","link":"https:\/\/www.portalalerta.com.br\/index.php\/2021\/09\/03\/queiroga-nega-pedido-de-demissao-do-ministerio-da-saude-e-jura-fidelidade-a-bolsonaro\/","title":{"rendered":"Queiroga nega pedido de demiss\u00e3o do Minist\u00e9rio da Sa\u00fade e jura fidelidade a Bolsonaro"},"content":{"rendered":"\n<p>O ministro da Sa\u00fade, Marcelo Queiroga, negou que tenha pedido demiss\u00e3o do cargo ao presidente Jair Bolsonaro. \u00c0 CNN Brasil, o m\u00e9dico que \u00e9 o quarto a comandar a pasta desde o in\u00edcio da pandemia, ainda criticou a <strong><em>&#8220;ind\u00fastria de boatos&#8221;<\/em><\/strong> que tem o objetivo de enfraquecer o governo.<\/p>\n\n\n\n<!--more-->\n\n\n\n<p>Queiroga prometeu fidelidade a Bolsonaro e garantiu que s\u00f3 deixa o cargo quando o pr\u00f3prio presidente compreender que ele n\u00e3o tem mais utilidade. Por fim, ainda repetiu o slogan do governo para mostrar a sintonia com o Planalto.<\/p>\n\n\n\n<p><strong><em>&#8220;N\u00e3o sei a quem interessa essa ind\u00fastria de boatos. Somente para fragilizar o governo. N\u00e3o pedi demiss\u00e3o e nem vou pedir. Estarei aqui at\u00e9 o dia em que o presidente entender que sou \u00fatil. Brasil acima de tudo, Deus acima de todos&#8221;<\/em><\/strong>, disse Queiroga.<\/p>\n\n\n\n<figure class=\"wp-block-image size-large\"><img fetchpriority=\"high\" decoding=\"async\" width=\"720\" height=\"181\" src=\"https:\/\/www.portalalerta.com.br\/wp-content\/uploads\/2018\/02\/Auto-Escola-Nobre.jpg\" alt=\"\" class=\"wp-image-4869\" srcset=\"https:\/\/www.portalalerta.com.br\/wp-content\/uploads\/2018\/02\/Auto-Escola-Nobre.jpg 720w, https:\/\/www.portalalerta.com.br\/wp-content\/uploads\/2018\/02\/Auto-Escola-Nobre-260x65.jpg 260w, https:\/\/www.portalalerta.com.br\/wp-content\/uploads\/2018\/02\/Auto-Escola-Nobre-50x13.jpg 50w, https:\/\/www.portalalerta.com.br\/wp-content\/uploads\/2018\/02\/Auto-Escola-Nobre-150x38.jpg 150w\" sizes=\"(max-width: 720px) 100vw, 720px\" \/><\/figure>\n\n\n\n<p>A rea\u00e7\u00e3o aconteceu horas depois de a sua sa\u00edda ser cravada a site O Bastidor, do jornalista Diego Escosteguy, que disse que o ministro comunicou a Bolsonaro que queria entregar o cargo, mas iria esperar at\u00e9 que o governo encontrasse um substituto.<\/p>\n\n\n\n<p>Ele teria dito ao presidente que n\u00e3o conseguiu trabalhar como gostaria. Conforme apurado por Escosteguy, hoje existe uma divis\u00e3o no Minist\u00e9rio, e que Queiroga teria perdido prest\u00edgio com uma das partes, incomodada com as suas declara\u00e7\u00f5es contra o uso de m\u00e1scaras.<\/p>\n\n\n\n<p>A coluna n\u00e3o retirou a publica\u00e7\u00e3o e reafirmou que mant\u00e9m todo o conte\u00fado, <strong>&#8220;sem ressalvas&#8221;<\/strong>.<\/p>\n\n\n\n<p><em>Fonte: A Tarde<\/em><\/p>\n","protected":false},"excerpt":{"rendered":"<p>O ministro da Sa\u00fade, Marcelo Queiroga, negou que tenha pedido demiss\u00e3o do cargo ao presidente Jair Bolsonaro. \u00c0 CNN Brasil, o m\u00e9dico que \u00e9 o quarto a comandar a pasta desde o in\u00edcio da pandemia, ainda criticou a &#8220;ind\u00fastria de boatos&#8221; que tem o objetivo de enfraquecer o governo.<\/p>\n","protected":false},"author":2,"featured_media":33853,"comment_status":"open","ping_status":"open","sticky":false,"template":"","format":"standard","meta":{"om_disable_all_campaigns":false,"_monsterinsights_skip_tracking":false,"_monsterinsights_sitenote_active":false,"_monsterinsights_sitenote_note":"","_monsterinsights_sitenote_category":0,"footnotes":""},"categories":[34,70,69,21,19],"tags":[93,616,4343,635],"class_list":["post-37804","post","type-post","status-publish","format-standard","has-post-thumbnail","hentry","category-brasil","category-destaques","category-noticias2","category-politica","category-saude","tag-brasil","tag-demissao","tag-marcelo-queiroga","tag-ministerio-da-saude"],"aioseo_notices":[],"_links":{"self":[{"href":"https:\/\/www.portalalerta.com.br\/index.php\/wp-json\/wp\/v2\/posts\/37804","targetHints":{"allow":["GET"]}}],"collection":[{"href":"https:\/\/www.portalalerta.com.br\/index.php\/wp-json\/wp\/v2\/posts"}],"about":[{"href":"https:\/\/www.portalalerta.com.br\/index.php\/wp-json\/wp\/v2\/types\/post"}],"author":[{"embeddable":true,"href":"https:\/\/www.portalalerta.com.br\/index.php\/wp-json\/wp\/v2\/users\/2"}],"replies":[{"embeddable":true,"href":"https:\/\/www.portalalerta.com.br\/index.php\/wp-json\/wp\/v2\/comments?post=37804"}],"version-history":[{"count":1,"href":"https:\/\/www.portalalerta.com.br\/index.php\/wp-json\/wp\/v2\/posts\/37804\/revisions"}],"predecessor-version":[{"id":37813,"href":"https:\/\/www.portalalerta.com.br\/index.php\/wp-json\/wp\/v2\/posts\/37804\/revisions\/37813"}],"wp:featuredmedia":[{"embeddable":true,"href":"https:\/\/www.portalalerta.com.br\/index.php\/wp-json\/wp\/v2\/media\/33853"}],"wp:attachment":[{"href":"https:\/\/www.portalalerta.com.br\/index.php\/wp-json\/wp\/v2\/media?parent=37804"}],"wp:term":[{"taxonomy":"category","embeddable":true,"href":"https:\/\/www.portalalerta.com.br\/index.php\/wp-json\/wp\/v2\/categories?post=37804"},{"taxonomy":"post_tag","embeddable":true,"href":"https:\/\/www.portalalerta.com.br\/index.php\/wp-json\/wp\/v2\/tags?post=37804"}],"curies":[{"name":"wp","href":"https:\/\/api.w.org\/{rel}","templated":true}]}}