{"id":37807,"date":"2021-09-03T12:01:00","date_gmt":"2021-09-03T15:01:00","guid":{"rendered":"https:\/\/www.portalalerta.com.br\/?p=37807"},"modified":"2021-09-03T00:10:11","modified_gmt":"2021-09-03T03:10:11","slug":"policia-recupera-veiculos-roubados-apos-motocicletas-serem-anunciadas-para-venda-em-redes-sociais-em-nova-soure-ba","status":"publish","type":"post","link":"https:\/\/www.portalalerta.com.br\/index.php\/2021\/09\/03\/policia-recupera-veiculos-roubados-apos-motocicletas-serem-anunciadas-para-venda-em-redes-sociais-em-nova-soure-ba\/","title":{"rendered":"Pol\u00edcia recupera ve\u00edculos roubados, ap\u00f3s motocicletas serem anunciadas para venda em redes sociais, em Nova Soure-BA"},"content":{"rendered":"\n<p>No final da manh\u00e3 desta quinta-feira (02), uma a\u00e7\u00e3o conjunta entre policiais civis e militares de Nova Soure-BA, acarretou na recupera\u00e7\u00e3o de duas motocicletas provenientes de furto\/ roubo.<\/p>\n\n\n\n<!--more-->\n\n\n\n<div class=\"wp-block-image\"><figure class=\"alignleft size-large is-resized\"><img fetchpriority=\"high\" decoding=\"async\" src=\"https:\/\/www.portalalerta.com.br\/wp-content\/uploads\/2021\/07\/Real-Calcados-Liquida-Inverno-1-1024x1024.jpeg\" alt=\"\" class=\"wp-image-36890\" width=\"314\" height=\"314\"\/><\/figure><\/div>\n\n\n\n<p>A a\u00e7\u00e3o ocorreu, ap\u00f3s policiais civis da cidade serem informados de que uma motocicleta possivelmente roubada, estava sendo anunciada para venda, atrav\u00e9s de uma p\u00e1gina no facebook, sendo que o anunciante \u00e9 morador do bairro Bom Jesus.<\/p>\n\n\n\n<p>Os policiais foram at\u00e9 a Rua D, no bairro em quest\u00e3o, onde confirmaram a den\u00fancia, encontrando na resid\u00eancia duas motocicletas, sendo: uma Honda CG Fan 160cc de cor preta, e uma Honda CG Fan 160cc de cor vermelha, ambas sem placa de identifica\u00e7\u00e3o, e numera\u00e7\u00e3o de chassi e motor raspados. De acordo com o anunciante, identificado pelas iniciais E.A.D.S, 38 &nbsp;anos, os ve\u00edculos tinham sido adquiridos no Estado de Sergipe, seriam provenientes de leil\u00e3o, por\u00e9m a nota fiscal apresentada n\u00e3o se referia aos ve\u00edculos.<\/p>\n\n\n\n<p>Todos foram conduzidos para a Delegacia de Pol\u00edcia Civil da cidade, onde foi constatado que a motocicleta de cor vermelha se tratava da Honda CG, de Placa QKZ 6I23 de propriedade de Cleverton Silva Costa, que tinha sido roubada no munic\u00edpio de Nossa Senhora do Socorro-SE na tarde do \u00faltimo dia 30.<\/p>\n\n\n\n<div class=\"wp-block-image\"><figure class=\"aligncenter size-large is-resized\"><img decoding=\"async\" src=\"https:\/\/www.portalalerta.com.br\/wp-content\/uploads\/2021\/09\/veiculo-recuperado-em-Nova-Soure-2021.2-576x1024.jpg\" alt=\"\" class=\"wp-image-37814\" width=\"340\" height=\"604\" srcset=\"https:\/\/www.portalalerta.com.br\/wp-content\/uploads\/2021\/09\/veiculo-recuperado-em-Nova-Soure-2021.2-576x1024.jpg 576w, https:\/\/www.portalalerta.com.br\/wp-content\/uploads\/2021\/09\/veiculo-recuperado-em-Nova-Soure-2021.2-135x240.jpg 135w, https:\/\/www.portalalerta.com.br\/wp-content\/uploads\/2021\/09\/veiculo-recuperado-em-Nova-Soure-2021.2-82x146.jpg 82w, https:\/\/www.portalalerta.com.br\/wp-content\/uploads\/2021\/09\/veiculo-recuperado-em-Nova-Soure-2021.2-28x50.jpg 28w, https:\/\/www.portalalerta.com.br\/wp-content\/uploads\/2021\/09\/veiculo-recuperado-em-Nova-Soure-2021.2-42x75.jpg 42w, https:\/\/www.portalalerta.com.br\/wp-content\/uploads\/2021\/09\/veiculo-recuperado-em-Nova-Soure-2021.2.jpg 720w\" sizes=\"(max-width: 340px) 100vw, 340px\" \/><\/figure><\/div>\n\n\n\n<p>Desta forma, foi lavrado o Auto de Pris\u00e3o em Flagrante pelo crime de recepta\u00e7\u00e3o. A pol\u00edcia civil permanece investigando os dados identificadores da outra motocicleta.<\/p>\n\n\n\n<p><em>Reda\u00e7\u00e3o: Portal Alerta<\/em><\/p>\n\n\n\n<p><strong><em>#fiqueemcasa<\/em><\/strong><\/p>\n\n\n\n<p><strong><em>#usemascaras<\/em><\/strong><\/p>\n","protected":false},"excerpt":{"rendered":"<p>No final da manh\u00e3 desta quinta-feira (02), uma a\u00e7\u00e3o conjunta entre policiais civis e militares de Nova Soure-BA, acarretou na recupera\u00e7\u00e3o de duas motocicletas provenientes de furto\/ roubo.<\/p>\n","protected":false},"author":2,"featured_media":37816,"comment_status":"open","ping_status":"open","sticky":false,"template":"","format":"standard","meta":{"om_disable_all_campaigns":false,"_monsterinsights_skip_tracking":false,"_monsterinsights_sitenote_active":false,"_monsterinsights_sitenote_note":"","_monsterinsights_sitenote_category":0,"footnotes":""},"categories":[70,69,14,32,22],"tags":[565,106,122,79,77,101,4220],"class_list":["post-37807","post","type-post","status-publish","format-standard","has-post-thumbnail","hentry","category-destaques","category-noticias2","category-nova-soure","category-regiao","category-seguranca","tag-acao-conjunta","tag-nova-soure","tag-policia-civil","tag-policia-militar","tag-preso","tag-roubo-de-moto","tag-veiculos-recuperados-2"],"aioseo_notices":[],"_links":{"self":[{"href":"https:\/\/www.portalalerta.com.br\/index.php\/wp-json\/wp\/v2\/posts\/37807","targetHints":{"allow":["GET"]}}],"collection":[{"href":"https:\/\/www.portalalerta.com.br\/index.php\/wp-json\/wp\/v2\/posts"}],"about":[{"href":"https:\/\/www.portalalerta.com.br\/index.php\/wp-json\/wp\/v2\/types\/post"}],"author":[{"embeddable":true,"href":"https:\/\/www.portalalerta.com.br\/index.php\/wp-json\/wp\/v2\/users\/2"}],"replies":[{"embeddable":true,"href":"https:\/\/www.portalalerta.com.br\/index.php\/wp-json\/wp\/v2\/comments?post=37807"}],"version-history":[{"count":1,"href":"https:\/\/www.portalalerta.com.br\/index.php\/wp-json\/wp\/v2\/posts\/37807\/revisions"}],"predecessor-version":[{"id":37817,"href":"https:\/\/www.portalalerta.com.br\/index.php\/wp-json\/wp\/v2\/posts\/37807\/revisions\/37817"}],"wp:featuredmedia":[{"embeddable":true,"href":"https:\/\/www.portalalerta.com.br\/index.php\/wp-json\/wp\/v2\/media\/37816"}],"wp:attachment":[{"href":"https:\/\/www.portalalerta.com.br\/index.php\/wp-json\/wp\/v2\/media?parent=37807"}],"wp:term":[{"taxonomy":"category","embeddable":true,"href":"https:\/\/www.portalalerta.com.br\/index.php\/wp-json\/wp\/v2\/categories?post=37807"},{"taxonomy":"post_tag","embeddable":true,"href":"https:\/\/www.portalalerta.com.br\/index.php\/wp-json\/wp\/v2\/tags?post=37807"}],"curies":[{"name":"wp","href":"https:\/\/api.w.org\/{rel}","templated":true}]}}