{"id":37818,"date":"2021-09-03T18:00:00","date_gmt":"2021-09-03T21:00:00","guid":{"rendered":"https:\/\/www.portalalerta.com.br\/?p=37818"},"modified":"2021-09-03T11:53:37","modified_gmt":"2021-09-03T14:53:37","slug":"flordelis-aparece-abatida-e-sem-peruca-em-foto-de-fichamento-na-cadeia","status":"publish","type":"post","link":"https:\/\/www.portalalerta.com.br\/index.php\/2021\/09\/03\/flordelis-aparece-abatida-e-sem-peruca-em-foto-de-fichamento-na-cadeia\/","title":{"rendered":"Flordelis aparece abatida e sem peruca em foto de fichamento na cadeia"},"content":{"rendered":"\n<p>A foto da ex-deputada federal cassada<strong>&nbsp;Flordelis dos Santos de Souza<\/strong>&nbsp;sendo fichada na cadeia viralizou nas redes sociais. O registro foi feito no \u00faltimo dia 13, quando ela foi presa preventivamente. A ex-deputada \u00e9 acusada de ser a mandante da morte do pastor Anderson do Carmo de Souza, em 2019.<\/p>\n\n\n\n<!--more-->\n\n\n\n<p>Na imagem, Flordelis est\u00e1 com uma camisa branca e sem peruca. Ao fundo, \u00e9 poss\u00edvel ver a parede usada pela Secretaria de Estado de Administra\u00e7\u00e3o Penitenci\u00e1ria (Seap) para fichar os detentos.<\/p>\n\n\n\n<div class=\"wp-block-image\"><figure class=\"aligncenter size-large\"><img fetchpriority=\"high\" decoding=\"async\" width=\"720\" height=\"181\" src=\"https:\/\/www.portalalerta.com.br\/wp-content\/uploads\/2018\/02\/Auto-Escola-Nobre.jpg\" alt=\"\" class=\"wp-image-4869\" srcset=\"https:\/\/www.portalalerta.com.br\/wp-content\/uploads\/2018\/02\/Auto-Escola-Nobre.jpg 720w, https:\/\/www.portalalerta.com.br\/wp-content\/uploads\/2018\/02\/Auto-Escola-Nobre-260x65.jpg 260w, https:\/\/www.portalalerta.com.br\/wp-content\/uploads\/2018\/02\/Auto-Escola-Nobre-50x13.jpg 50w, https:\/\/www.portalalerta.com.br\/wp-content\/uploads\/2018\/02\/Auto-Escola-Nobre-150x38.jpg 150w\" sizes=\"(max-width: 720px) 100vw, 720px\" \/><\/figure><\/div>\n\n\n\n<p>Al\u00e9m dela, outras nove pessoas suspeitas de envolvimento na morte do pastor est\u00e3o presas. Floredelis teve o pedido de pris\u00e3o preventiva decretado pela ju\u00edza Nearis dos Santos Carvalho Arce, da 3\u00aa Vara Criminal de Niter\u00f3i, no Rio de Janeiro, dias ap\u00f3s a&nbsp;parlamentar ter seu mandado cassado pela C\u00e2mara dos Deputados.<\/p>\n\n\n\n<p>Pouco antes de ser presa, Flordelis publicou um v\u00eddeo nas redes sociais reafirmando inoc\u00eancia e pedindo ora\u00e7\u00f5es.<\/p>\n\n\n\n<p><em>R\u00e1dio Web Di\u00e1rio<\/em><\/p>\n\n\n\n<p><em>Com informa\u00e7\u00f5es: Chico Sabe Tudo<\/em><\/p>\n","protected":false},"excerpt":{"rendered":"<p>A foto da ex-deputada federal cassada&nbsp;Flordelis dos Santos de Souza&nbsp;sendo fichada na cadeia viralizou nas redes sociais. O registro foi feito no \u00faltimo dia 13, quando ela foi presa preventivamente. A ex-deputada \u00e9 acusada de ser a mandante da morte do pastor Anderson do Carmo de Souza, em 2019.<\/p>\n","protected":false},"author":2,"featured_media":37822,"comment_status":"open","ping_status":"open","sticky":false,"template":"","format":"standard","meta":{"om_disable_all_campaigns":false,"_monsterinsights_skip_tracking":false,"_monsterinsights_sitenote_active":false,"_monsterinsights_sitenote_note":"","_monsterinsights_sitenote_category":0,"footnotes":""},"categories":[34,70,69,21,22],"tags":[93,787,2935,206,84,300],"class_list":["post-37818","post","type-post","status-publish","format-standard","has-post-thumbnail","hentry","category-brasil","category-destaques","category-noticias2","category-politica","category-seguranca","tag-brasil","tag-ex-deputado-federal","tag-flordelis","tag-homicidio","tag-presa","tag-rio-de-janeiro"],"aioseo_notices":[],"_links":{"self":[{"href":"https:\/\/www.portalalerta.com.br\/index.php\/wp-json\/wp\/v2\/posts\/37818","targetHints":{"allow":["GET"]}}],"collection":[{"href":"https:\/\/www.portalalerta.com.br\/index.php\/wp-json\/wp\/v2\/posts"}],"about":[{"href":"https:\/\/www.portalalerta.com.br\/index.php\/wp-json\/wp\/v2\/types\/post"}],"author":[{"embeddable":true,"href":"https:\/\/www.portalalerta.com.br\/index.php\/wp-json\/wp\/v2\/users\/2"}],"replies":[{"embeddable":true,"href":"https:\/\/www.portalalerta.com.br\/index.php\/wp-json\/wp\/v2\/comments?post=37818"}],"version-history":[{"count":1,"href":"https:\/\/www.portalalerta.com.br\/index.php\/wp-json\/wp\/v2\/posts\/37818\/revisions"}],"predecessor-version":[{"id":37823,"href":"https:\/\/www.portalalerta.com.br\/index.php\/wp-json\/wp\/v2\/posts\/37818\/revisions\/37823"}],"wp:featuredmedia":[{"embeddable":true,"href":"https:\/\/www.portalalerta.com.br\/index.php\/wp-json\/wp\/v2\/media\/37822"}],"wp:attachment":[{"href":"https:\/\/www.portalalerta.com.br\/index.php\/wp-json\/wp\/v2\/media?parent=37818"}],"wp:term":[{"taxonomy":"category","embeddable":true,"href":"https:\/\/www.portalalerta.com.br\/index.php\/wp-json\/wp\/v2\/categories?post=37818"},{"taxonomy":"post_tag","embeddable":true,"href":"https:\/\/www.portalalerta.com.br\/index.php\/wp-json\/wp\/v2\/tags?post=37818"}],"curies":[{"name":"wp","href":"https:\/\/api.w.org\/{rel}","templated":true}]}}