{"id":37819,"date":"2021-09-03T18:01:00","date_gmt":"2021-09-03T21:01:00","guid":{"rendered":"https:\/\/www.portalalerta.com.br\/?p=37819"},"modified":"2021-09-03T11:54:42","modified_gmt":"2021-09-03T14:54:42","slug":"quarteto-e-preso-por-trafico-de-drogas-em-monte-santo-ba","status":"publish","type":"post","link":"https:\/\/www.portalalerta.com.br\/index.php\/2021\/09\/03\/quarteto-e-preso-por-trafico-de-drogas-em-monte-santo-ba\/","title":{"rendered":"Quarteto \u00e9 preso por tr\u00e1fico de drogas, em Monte Santo-BA"},"content":{"rendered":"\n<p>Na noite da \u00faltima quinta-feira (02), policiais militares da Companhia de Emprego T\u00e1tico Operacional (CETO \u2013 5\u00ba BPM), prenderam tr\u00eas pessoas pela pr\u00e1tica de tr\u00e1fico de drogas, em Monte Santo-BA<\/p>\n\n\n\n<!--more-->\n\n\n\n<div class=\"wp-block-image\"><figure class=\"alignleft size-large is-resized\"><img fetchpriority=\"high\" decoding=\"async\" src=\"https:\/\/www.portalalerta.com.br\/wp-content\/uploads\/2021\/07\/Real-Calcados-Liquida-Inverno-1-1024x1024.jpeg\" alt=\"\" class=\"wp-image-36890\" width=\"293\" height=\"293\"\/><\/figure><\/div>\n\n\n\n<p>O grupo que era composto por tr\u00eas homens e uma mulher, foi abordado nas proximidades da feira livre da cidade. Durante a abordagem, foram encontrados sob a posse dos abordados: 20 por\u00e7\u00f5es de maconha, 10 por\u00e7\u00f5es de maconha, 04 aparelhos celulares, diversos rel\u00f3gios e j\u00f3ias de origem il\u00edcita, e uma quantia de R$ 89,00 em esp\u00e9cie.<\/p>\n\n\n\n<p>Os traficantes, bem como o material apreendido, foram conduzidos e apresentados no Complexo Policial de Euclides da Cunha-BA, para a ado\u00e7\u00e3o das medidas cab\u00edveis.<\/p>\n\n\n\n<p><em>Reda\u00e7\u00e3o: Portal Alerta<\/em><\/p>\n\n\n\n<p><strong><em>#fiqueemcasa<\/em><\/strong><\/p>\n\n\n\n<p><strong><em>#usemascaras<\/em><\/strong><\/p>\n","protected":false},"excerpt":{"rendered":"<p>Na noite da \u00faltima quinta-feira (02), policiais militares da Companhia de Emprego T\u00e1tico Operacional (CETO \u2013 5\u00ba BPM), prenderam tr\u00eas pessoas pela pr\u00e1tica de tr\u00e1fico de drogas, em Monte Santo-BA<\/p>\n","protected":false},"author":2,"featured_media":37824,"comment_status":"open","ping_status":"open","sticky":false,"template":"","format":"standard","meta":{"om_disable_all_campaigns":false,"_monsterinsights_skip_tracking":false,"_monsterinsights_sitenote_active":false,"_monsterinsights_sitenote_note":"","_monsterinsights_sitenote_category":0,"footnotes":""},"categories":[33,70,69,22],"tags":[409,627,79,110,76],"class_list":["post-37819","post","type-post","status-publish","format-standard","has-post-thumbnail","hentry","category-bahia","category-destaques","category-noticias2","category-seguranca","tag-ceto","tag-monte-santo","tag-policia-militar","tag-presos","tag-trafico-de-drogas"],"aioseo_notices":[],"_links":{"self":[{"href":"https:\/\/www.portalalerta.com.br\/index.php\/wp-json\/wp\/v2\/posts\/37819","targetHints":{"allow":["GET"]}}],"collection":[{"href":"https:\/\/www.portalalerta.com.br\/index.php\/wp-json\/wp\/v2\/posts"}],"about":[{"href":"https:\/\/www.portalalerta.com.br\/index.php\/wp-json\/wp\/v2\/types\/post"}],"author":[{"embeddable":true,"href":"https:\/\/www.portalalerta.com.br\/index.php\/wp-json\/wp\/v2\/users\/2"}],"replies":[{"embeddable":true,"href":"https:\/\/www.portalalerta.com.br\/index.php\/wp-json\/wp\/v2\/comments?post=37819"}],"version-history":[{"count":1,"href":"https:\/\/www.portalalerta.com.br\/index.php\/wp-json\/wp\/v2\/posts\/37819\/revisions"}],"predecessor-version":[{"id":37825,"href":"https:\/\/www.portalalerta.com.br\/index.php\/wp-json\/wp\/v2\/posts\/37819\/revisions\/37825"}],"wp:featuredmedia":[{"embeddable":true,"href":"https:\/\/www.portalalerta.com.br\/index.php\/wp-json\/wp\/v2\/media\/37824"}],"wp:attachment":[{"href":"https:\/\/www.portalalerta.com.br\/index.php\/wp-json\/wp\/v2\/media?parent=37819"}],"wp:term":[{"taxonomy":"category","embeddable":true,"href":"https:\/\/www.portalalerta.com.br\/index.php\/wp-json\/wp\/v2\/categories?post=37819"},{"taxonomy":"post_tag","embeddable":true,"href":"https:\/\/www.portalalerta.com.br\/index.php\/wp-json\/wp\/v2\/tags?post=37819"}],"curies":[{"name":"wp","href":"https:\/\/api.w.org\/{rel}","templated":true}]}}