{"id":37820,"date":"2021-09-03T12:02:00","date_gmt":"2021-09-03T15:02:00","guid":{"rendered":"https:\/\/www.portalalerta.com.br\/?p=37820"},"modified":"2021-09-03T10:47:04","modified_gmt":"2021-09-03T13:47:04","slug":"video-mostra-ex-patroa-agredindo-baba-que-pulou-de-predio-em-salvador","status":"publish","type":"post","link":"https:\/\/www.portalalerta.com.br\/index.php\/2021\/09\/03\/video-mostra-ex-patroa-agredindo-baba-que-pulou-de-predio-em-salvador\/","title":{"rendered":"V\u00eddeo mostra ex-patroa agredindo bab\u00e1 que pulou de pr\u00e9dio em Salvador"},"content":{"rendered":"\n<p>Raiana relatou que agress\u00f5es aconteceram ap\u00f3s comunicar poss\u00edvel sa\u00edda do trabalho<\/p>\n\n\n\n<!--more-->\n\n\n\n<p>Um v\u00eddeo gravado pelas c\u00e2meras de seguran\u00e7a do apartamento onde a bab\u00e1 Raiana Ribeiro, de 25 anos, trabalhava h\u00e1 apenas sete dias registrou as agress\u00f5es cometidas pela sua ex-patroa Melina Esteves Fran\u00e7a. Raiana pulou do terceiro andar do pr\u00e9dio situado no bairro do Imbu\u00ed para fugir da viol\u00eancia que sofreu.<\/p>\n\n\n\n<div class=\"wp-block-image\"><figure class=\"alignleft size-large\"><img fetchpriority=\"high\" decoding=\"async\" width=\"299\" height=\"300\" src=\"https:\/\/www.portalalerta.com.br\/wp-content\/uploads\/2021\/07\/A-Voz-do-Sertao.1.jpg\" alt=\"\" class=\"wp-image-36575\" srcset=\"https:\/\/www.portalalerta.com.br\/wp-content\/uploads\/2021\/07\/A-Voz-do-Sertao.1.jpg 299w, https:\/\/www.portalalerta.com.br\/wp-content\/uploads\/2021\/07\/A-Voz-do-Sertao.1-239x240.jpg 239w, https:\/\/www.portalalerta.com.br\/wp-content\/uploads\/2021\/07\/A-Voz-do-Sertao.1-146x146.jpg 146w, https:\/\/www.portalalerta.com.br\/wp-content\/uploads\/2021\/07\/A-Voz-do-Sertao.1-50x50.jpg 50w, https:\/\/www.portalalerta.com.br\/wp-content\/uploads\/2021\/07\/A-Voz-do-Sertao.1-75x75.jpg 75w, https:\/\/www.portalalerta.com.br\/wp-content\/uploads\/2021\/07\/A-Voz-do-Sertao.1-85x85.jpg 85w, https:\/\/www.portalalerta.com.br\/wp-content\/uploads\/2021\/07\/A-Voz-do-Sertao.1-80x80.jpg 80w\" sizes=\"(max-width: 299px) 100vw, 299px\" \/><\/figure><\/div>\n\n\n\n<p>As imagens, divulgadas pelo G1, mostram o momento em que a ex-patroa d\u00e1 fortes tapas, murros, pux\u00f5es de cabelo e chutes na cabe\u00e7a de Raiana. Segundo depoimentos da bab\u00e1, as agress\u00f5es foram em resposta ao comunicado de que ela pretendia aceitar outra proposta de trabalho, com melhores condi\u00e7\u00f5es.<\/p>\n\n\n\n<p>A bab\u00e1 estava sentada em um sof\u00e1, acompanhada de uma das filhas de Melina. A agressora chega, retira a filha do local, a entrega para outra mulher, e come\u00e7a a agir violentamente. Ainda \u00e9 poss\u00edvel ouvir, no v\u00eddeo, agress\u00f5es verbais e a frase <strong><em>\u201cvoc\u00ea s\u00f3 sai daqui em um caix\u00e3o&#8221;<\/em><\/strong>.<\/p>\n\n\n\n<p>O\u00a0Minist\u00e9rio P\u00fablico do Trabalho (MPT) abriu um inqu\u00e9rito na \u00faltima quinta-feira (26), um dia ap\u00f3s as agress\u00f5es registradas,\u00a0e est\u00e1 acompanhando os depoimentos \u00e0 pol\u00edcia no caso.\u00a0A jovem chegou a pedir socorro \u00e0 irm\u00e3 ao ser trancada no banheiro, antes de se jogar da janela.\u00a0Ela foi socorrida pelo Servi\u00e7o de Atendimento M\u00f3vel de Urg\u00eancia (Samu) e levada ao Hospital Geral do Estado (HGE), onde tratou uma\u00a0fratura no calcahar e levou pontos na testa.<\/p>\n\n\n\n<figure class=\"wp-block-embed is-type-video is-provider-youtube wp-block-embed-youtube wp-embed-aspect-16-9 wp-has-aspect-ratio\"><div class=\"wp-block-embed__wrapper\">\n<iframe title=\"Flagrante: v\u00eddeo mostra agress\u00f5es contra bab\u00e1 em Salvador\" width=\"500\" height=\"281\" src=\"https:\/\/www.youtube.com\/embed\/133LdZDO6_c?feature=oembed\" frameborder=\"0\" allow=\"accelerometer; autoplay; clipboard-write; encrypted-media; gyroscope; picture-in-picture; web-share\" referrerpolicy=\"strict-origin-when-cross-origin\" allowfullscreen><\/iframe>\n<\/div><\/figure>\n\n\n\n<p><em>Fonte: Metro1<\/em><\/p>\n","protected":false},"excerpt":{"rendered":"<p>Raiana relatou que agress\u00f5es aconteceram ap\u00f3s comunicar poss\u00edvel sa\u00edda do trabalho<\/p>\n","protected":false},"author":2,"featured_media":37826,"comment_status":"open","ping_status":"open","sticky":false,"template":"","format":"standard","meta":{"om_disable_all_campaigns":false,"_monsterinsights_skip_tracking":false,"_monsterinsights_sitenote_active":false,"_monsterinsights_sitenote_note":"","_monsterinsights_sitenote_category":0,"footnotes":""},"categories":[33,70,69,22,68],"tags":[73,4839,54,330,4440,523],"class_list":["post-37820","post","type-post","status-publish","format-standard","has-post-thumbnail","hentry","category-bahia","category-destaques","category-noticias2","category-seguranca","category-videos","tag-agressao","tag-baba","tag-bahia","tag-salvador","tag-video-2","tag-violencia-domestica"],"aioseo_notices":[],"_links":{"self":[{"href":"https:\/\/www.portalalerta.com.br\/index.php\/wp-json\/wp\/v2\/posts\/37820","targetHints":{"allow":["GET"]}}],"collection":[{"href":"https:\/\/www.portalalerta.com.br\/index.php\/wp-json\/wp\/v2\/posts"}],"about":[{"href":"https:\/\/www.portalalerta.com.br\/index.php\/wp-json\/wp\/v2\/types\/post"}],"author":[{"embeddable":true,"href":"https:\/\/www.portalalerta.com.br\/index.php\/wp-json\/wp\/v2\/users\/2"}],"replies":[{"embeddable":true,"href":"https:\/\/www.portalalerta.com.br\/index.php\/wp-json\/wp\/v2\/comments?post=37820"}],"version-history":[{"count":1,"href":"https:\/\/www.portalalerta.com.br\/index.php\/wp-json\/wp\/v2\/posts\/37820\/revisions"}],"predecessor-version":[{"id":37827,"href":"https:\/\/www.portalalerta.com.br\/index.php\/wp-json\/wp\/v2\/posts\/37820\/revisions\/37827"}],"wp:featuredmedia":[{"embeddable":true,"href":"https:\/\/www.portalalerta.com.br\/index.php\/wp-json\/wp\/v2\/media\/37826"}],"wp:attachment":[{"href":"https:\/\/www.portalalerta.com.br\/index.php\/wp-json\/wp\/v2\/media?parent=37820"}],"wp:term":[{"taxonomy":"category","embeddable":true,"href":"https:\/\/www.portalalerta.com.br\/index.php\/wp-json\/wp\/v2\/categories?post=37820"},{"taxonomy":"post_tag","embeddable":true,"href":"https:\/\/www.portalalerta.com.br\/index.php\/wp-json\/wp\/v2\/tags?post=37820"}],"curies":[{"name":"wp","href":"https:\/\/api.w.org\/{rel}","templated":true}]}}