{"id":37841,"date":"2021-09-04T13:33:13","date_gmt":"2021-09-04T16:33:13","guid":{"rendered":"https:\/\/www.portalalerta.com.br\/?p=37841"},"modified":"2021-09-04T13:33:14","modified_gmt":"2021-09-04T16:33:14","slug":"tucano-registra-o-57o-obito-e-dois-novos-casos-de-covid-19","status":"publish","type":"post","link":"https:\/\/www.portalalerta.com.br\/index.php\/2021\/09\/04\/tucano-registra-o-57o-obito-e-dois-novos-casos-de-covid-19\/","title":{"rendered":"Tucano registra o 57\u00ba \u00f3bito e dois novos casos de Covid-19"},"content":{"rendered":"\n<p>O boletim divulgado pela Secretaria de Sa\u00fade de Tucano foi atualizado na sexta-feira (02), confirmando que mais 02 pessoas contra\u00edram a doen\u00e7a. Subiram para 3508 as notifica\u00e7\u00f5es de casos positivos.<\/p>\n\n\n\n<!--more-->\n\n\n\n<div class=\"wp-block-image\"><figure class=\"alignleft size-large\"><img fetchpriority=\"high\" decoding=\"async\" width=\"299\" height=\"300\" src=\"https:\/\/www.portalalerta.com.br\/wp-content\/uploads\/2021\/07\/A-Voz-do-Sertao.1.jpg\" alt=\"\" class=\"wp-image-36575\" srcset=\"https:\/\/www.portalalerta.com.br\/wp-content\/uploads\/2021\/07\/A-Voz-do-Sertao.1.jpg 299w, https:\/\/www.portalalerta.com.br\/wp-content\/uploads\/2021\/07\/A-Voz-do-Sertao.1-239x240.jpg 239w, https:\/\/www.portalalerta.com.br\/wp-content\/uploads\/2021\/07\/A-Voz-do-Sertao.1-146x146.jpg 146w, https:\/\/www.portalalerta.com.br\/wp-content\/uploads\/2021\/07\/A-Voz-do-Sertao.1-50x50.jpg 50w, https:\/\/www.portalalerta.com.br\/wp-content\/uploads\/2021\/07\/A-Voz-do-Sertao.1-75x75.jpg 75w, https:\/\/www.portalalerta.com.br\/wp-content\/uploads\/2021\/07\/A-Voz-do-Sertao.1-85x85.jpg 85w, https:\/\/www.portalalerta.com.br\/wp-content\/uploads\/2021\/07\/A-Voz-do-Sertao.1-80x80.jpg 80w\" sizes=\"(max-width: 299px) 100vw, 299px\" \/><\/figure><\/div>\n\n\n\n<p>Segundo o boletim, nenhum relat\u00f3rio de alta foi liberado nas \u00faltimas 24h. Com isso, os casos recuperados continuam 3436. Aumentou o n\u00famero dos monitorados e agora j\u00e1 s\u00e3o 18, desses, 2 s\u00e3o considerados suspeitos.<br><br>Mais um \u00f3bito foi registrado, trata-se de uma paciente que tinha 79 anos que residia na comunidade de Brejo de Arroz zona rural do munic\u00edpio. Ela precisou de internamento e chegou a ser transferida m\u00eas passado para um Hospital de refer\u00eancia em Salvador, mas n\u00e3o resistiu. A Vigil\u00e2ncia Epidemiol\u00f3gica teve acesso ao registro do \u00f3bito somente na quinta-feira (02). Ao todo, o munic\u00edpio registra 57 \u00f3bitos.<\/p>\n\n\n\n<p>Os casos ativos s\u00e3o 15 e a Unidade de Pronto Atendimento (UPA) Covid-19 n\u00e3o tem paciente internado no momento.<\/p>\n\n\n\n<p><em>Fonte: Fique Por Dentro Agora<\/em><\/p>\n","protected":false},"excerpt":{"rendered":"<p>O boletim divulgado pela Secretaria de Sa\u00fade de Tucano foi atualizado na sexta-feira (02), confirmando que mais 02 pessoas contra\u00edram a doen\u00e7a. Subiram para 3508 as notifica\u00e7\u00f5es de casos positivos.<\/p>\n","protected":false},"author":2,"featured_media":33789,"comment_status":"open","ping_status":"open","sticky":false,"template":"","format":"standard","meta":{"om_disable_all_campaigns":false,"_monsterinsights_skip_tracking":false,"_monsterinsights_sitenote_active":false,"_monsterinsights_sitenote_note":"","_monsterinsights_sitenote_category":0,"footnotes":""},"categories":[70,69,32,19,12],"tags":[3429,3486,3841,3724,608,61,190],"class_list":["post-37841","post","type-post","status-publish","format-standard","has-post-thumbnail","hentry","category-destaques","category-noticias2","category-regiao","category-saude","category-tucano","tag-coronavirus","tag-covid-19","tag-curados","tag-infeccao","tag-mortos","tag-saude","tag-tucano"],"aioseo_notices":[],"_links":{"self":[{"href":"https:\/\/www.portalalerta.com.br\/index.php\/wp-json\/wp\/v2\/posts\/37841","targetHints":{"allow":["GET"]}}],"collection":[{"href":"https:\/\/www.portalalerta.com.br\/index.php\/wp-json\/wp\/v2\/posts"}],"about":[{"href":"https:\/\/www.portalalerta.com.br\/index.php\/wp-json\/wp\/v2\/types\/post"}],"author":[{"embeddable":true,"href":"https:\/\/www.portalalerta.com.br\/index.php\/wp-json\/wp\/v2\/users\/2"}],"replies":[{"embeddable":true,"href":"https:\/\/www.portalalerta.com.br\/index.php\/wp-json\/wp\/v2\/comments?post=37841"}],"version-history":[{"count":1,"href":"https:\/\/www.portalalerta.com.br\/index.php\/wp-json\/wp\/v2\/posts\/37841\/revisions"}],"predecessor-version":[{"id":37847,"href":"https:\/\/www.portalalerta.com.br\/index.php\/wp-json\/wp\/v2\/posts\/37841\/revisions\/37847"}],"wp:featuredmedia":[{"embeddable":true,"href":"https:\/\/www.portalalerta.com.br\/index.php\/wp-json\/wp\/v2\/media\/33789"}],"wp:attachment":[{"href":"https:\/\/www.portalalerta.com.br\/index.php\/wp-json\/wp\/v2\/media?parent=37841"}],"wp:term":[{"taxonomy":"category","embeddable":true,"href":"https:\/\/www.portalalerta.com.br\/index.php\/wp-json\/wp\/v2\/categories?post=37841"},{"taxonomy":"post_tag","embeddable":true,"href":"https:\/\/www.portalalerta.com.br\/index.php\/wp-json\/wp\/v2\/tags?post=37841"}],"curies":[{"name":"wp","href":"https:\/\/api.w.org\/{rel}","templated":true}]}}