{"id":37842,"date":"2021-09-04T13:38:29","date_gmt":"2021-09-04T16:38:29","guid":{"rendered":"https:\/\/www.portalalerta.com.br\/?p=37842"},"modified":"2021-09-04T13:38:31","modified_gmt":"2021-09-04T16:38:31","slug":"bahia-zera-fila-da-regulacao-de-intubados-com-covid-19-diz-sesab","status":"publish","type":"post","link":"https:\/\/www.portalalerta.com.br\/index.php\/2021\/09\/04\/bahia-zera-fila-da-regulacao-de-intubados-com-covid-19-diz-sesab\/","title":{"rendered":"Bahia zera fila da regula\u00e7\u00e3o de intubados com Covid-19, diz Sesab"},"content":{"rendered":"\n<p>Informa\u00e7\u00e3o foi divulgada nesta sexta-feira (3)<\/p>\n\n\n\n<!--more-->\n\n\n\n<p>A Bahia zerou a fila de pacientes intubados com Covid-19 que aguardavam transfer\u00eancia em unidades de emerg\u00eancia e de Pronto Atendimento (UPAs) nesta sexta-feira (3). A informa\u00e7\u00e3o foi divulgada pela Secretaria da Sa\u00fade do Estado da Bahia (Sesab).<\/p>\n\n\n\n<div class=\"wp-block-image\"><figure class=\"alignleft size-large is-resized\"><img fetchpriority=\"high\" decoding=\"async\" src=\"https:\/\/www.portalalerta.com.br\/wp-content\/uploads\/2021\/04\/ELAB.jpg\" alt=\"\" class=\"wp-image-34795\" width=\"290\" height=\"232\" srcset=\"https:\/\/www.portalalerta.com.br\/wp-content\/uploads\/2021\/04\/ELAB.jpg 1000w, https:\/\/www.portalalerta.com.br\/wp-content\/uploads\/2021\/04\/ELAB-300x240.jpg 300w, https:\/\/www.portalalerta.com.br\/wp-content\/uploads\/2021\/04\/ELAB-768x614.jpg 768w, https:\/\/www.portalalerta.com.br\/wp-content\/uploads\/2021\/04\/ELAB-183x146.jpg 183w, https:\/\/www.portalalerta.com.br\/wp-content\/uploads\/2021\/04\/ELAB-50x40.jpg 50w, https:\/\/www.portalalerta.com.br\/wp-content\/uploads\/2021\/04\/ELAB-94x75.jpg 94w\" sizes=\"(max-width: 290px) 100vw, 290px\" \/><\/figure><\/div>\n\n\n\n<p>De acordo com boletim divulgado pela pasta, a Bahia tem 2.056 leitos ativos para tratamento da Covid-19. Desse total, 561 est\u00e3o com pacientes internados, o que representa taxa de ocupa\u00e7\u00e3o geral de 27%.<\/p>\n\n\n\n<p>Do total, 1.000 s\u00e3o de Unidade de Terapia Intensiva (UTI) adulto e est\u00e3o com taxa de ocupa\u00e7\u00e3o de 30%. J\u00e1 nas UTIs pedi\u00e1tricas, 20 das 29 vagas est\u00e3o com pessoas internadas, o que representa taxa de ocupa\u00e7\u00e3o de 69%.<\/p>\n\n\n\n<p>Em Salvador, dos 622 leitos ativos, 171 est\u00e3o ocupados (27% de ocupa\u00e7\u00e3o geral). A taxa de ocupa\u00e7\u00e3o dos leitos de UTI adulto \u00e9 de 22% e o pedi\u00e1trico est\u00e1 em 65%.<\/p>\n\n\n\n<p><em>Fonte: Metro1<\/em><\/p>\n","protected":false},"excerpt":{"rendered":"<p>Informa\u00e7\u00e3o foi divulgada nesta sexta-feira (3)<\/p>\n","protected":false},"author":2,"featured_media":33828,"comment_status":"open","ping_status":"open","sticky":false,"template":"","format":"standard","meta":{"om_disable_all_campaigns":false,"_monsterinsights_skip_tracking":false,"_monsterinsights_sitenote_active":false,"_monsterinsights_sitenote_note":"","_monsterinsights_sitenote_category":0,"footnotes":""},"categories":[33,70,69,19],"tags":[54,3429,3486,4328,2034,61],"class_list":["post-37842","post","type-post","status-publish","format-standard","has-post-thumbnail","hentry","category-bahia","category-destaques","category-noticias2","category-saude","tag-bahia","tag-coronavirus","tag-covid-19","tag-intubacao","tag-regulacao","tag-saude"],"aioseo_notices":[],"_links":{"self":[{"href":"https:\/\/www.portalalerta.com.br\/index.php\/wp-json\/wp\/v2\/posts\/37842","targetHints":{"allow":["GET"]}}],"collection":[{"href":"https:\/\/www.portalalerta.com.br\/index.php\/wp-json\/wp\/v2\/posts"}],"about":[{"href":"https:\/\/www.portalalerta.com.br\/index.php\/wp-json\/wp\/v2\/types\/post"}],"author":[{"embeddable":true,"href":"https:\/\/www.portalalerta.com.br\/index.php\/wp-json\/wp\/v2\/users\/2"}],"replies":[{"embeddable":true,"href":"https:\/\/www.portalalerta.com.br\/index.php\/wp-json\/wp\/v2\/comments?post=37842"}],"version-history":[{"count":1,"href":"https:\/\/www.portalalerta.com.br\/index.php\/wp-json\/wp\/v2\/posts\/37842\/revisions"}],"predecessor-version":[{"id":37848,"href":"https:\/\/www.portalalerta.com.br\/index.php\/wp-json\/wp\/v2\/posts\/37842\/revisions\/37848"}],"wp:featuredmedia":[{"embeddable":true,"href":"https:\/\/www.portalalerta.com.br\/index.php\/wp-json\/wp\/v2\/media\/33828"}],"wp:attachment":[{"href":"https:\/\/www.portalalerta.com.br\/index.php\/wp-json\/wp\/v2\/media?parent=37842"}],"wp:term":[{"taxonomy":"category","embeddable":true,"href":"https:\/\/www.portalalerta.com.br\/index.php\/wp-json\/wp\/v2\/categories?post=37842"},{"taxonomy":"post_tag","embeddable":true,"href":"https:\/\/www.portalalerta.com.br\/index.php\/wp-json\/wp\/v2\/tags?post=37842"}],"curies":[{"name":"wp","href":"https:\/\/api.w.org\/{rel}","templated":true}]}}