{"id":38068,"date":"2021-09-15T21:48:22","date_gmt":"2021-09-16T00:48:22","guid":{"rendered":"https:\/\/www.portalalerta.com.br\/?p=38068"},"modified":"2021-09-15T21:48:24","modified_gmt":"2021-09-16T00:48:24","slug":"homem-e-preso-acusado-de-trafico-de-drogas-em-tucano-ba","status":"publish","type":"post","link":"https:\/\/www.portalalerta.com.br\/index.php\/2021\/09\/15\/homem-e-preso-acusado-de-trafico-de-drogas-em-tucano-ba\/","title":{"rendered":"Homem \u00e9 preso acusado de tr\u00e1fico de drogas em Tucano-BA"},"content":{"rendered":"\n<p>Na madrugada de segunda-feira (13) policias militares da 2\u00aa CIA\/ Tucano-BA, que realizavam rondas no Distrito de Caldas do Jorro, foram acionados por populares por volta 1h30 informando que na rua Epidio Pimentel &nbsp;tinha um indiv\u00edduo comercializando entorpecentes.<\/p>\n\n\n\n<!--more-->\n\n\n\n<div class=\"wp-block-image\"><figure class=\"alignleft size-large is-resized\"><img fetchpriority=\"high\" decoding=\"async\" src=\"https:\/\/www.portalalerta.com.br\/wp-content\/uploads\/2021\/07\/Real-Calcados-Liquida-Inverno-1-1024x1024.jpeg\" alt=\"\" class=\"wp-image-36890\" width=\"313\" height=\"313\"\/><\/figure><\/div>\n\n\n\n<p>Os militares foram at\u00e9 o local onde encontraram o suspeito, tendo caracter\u00edsticas semelhantes \u00e0s informadas na den\u00fancia, decidindo, portanto, abord\u00e1-lo. Com o mesmo foi encontrado uma sacola pl\u00e1stica contendo entorpecentes. O homem foi identificado como G.M.V e ao ser indagado, relatou que fazia com\u00e9rcio do referido material.<\/p>\n\n\n\n<p>Desta forma foi efetuada a pris\u00e3o em flagrante e o criminoso foi encaminhado juntamente com o material encontrado para a Delegacia Territorial de Euclides da Cunha.<\/p>\n\n\n\n<p><strong>Material apreendido:<\/strong><\/p>\n\n\n\n<p>13 (treze) trouxinhas e 02 (dois) dol\u00f5es de subst\u00e2ncia an\u00e1loga \u00e0 maconha;<\/p>\n\n\n\n<p>01(um) cigarro de subst\u00e2ncia an\u00e1loga \u00e0 maconha 01 (um) pacote de seda para cigarro<\/p>\n\n\n\n<p>R$ 50,00 (cinquenta) reais em esp\u00e9cie e 01 (um) aparelho celular Samsung.<\/p>\n\n\n\n<p><em>Fonte: Fique Por Dentro Agora<\/em><\/p>\n","protected":false},"excerpt":{"rendered":"<p>Na madrugada de segunda-feira (13) policias militares da 2\u00aa CIA\/ Tucano-BA, que realizavam rondas no Distrito de Caldas do Jorro, foram acionados por populares por volta 1h30 informando que na rua Epidio Pimentel &nbsp;tinha um indiv\u00edduo comercializando entorpecentes.<\/p>\n","protected":false},"author":2,"featured_media":38074,"comment_status":"open","ping_status":"open","sticky":false,"template":"","format":"standard","meta":{"om_disable_all_campaigns":false,"_monsterinsights_skip_tracking":false,"_monsterinsights_sitenote_active":false,"_monsterinsights_sitenote_note":"","_monsterinsights_sitenote_category":0,"footnotes":""},"categories":[70,69,32,22,12],"tags":[389,79,77,76,190],"class_list":["post-38068","post","type-post","status-publish","format-standard","has-post-thumbnail","hentry","category-destaques","category-noticias2","category-regiao","category-seguranca","category-tucano","tag-caldas-do-jorro","tag-policia-militar","tag-preso","tag-trafico-de-drogas","tag-tucano"],"aioseo_notices":[],"_links":{"self":[{"href":"https:\/\/www.portalalerta.com.br\/index.php\/wp-json\/wp\/v2\/posts\/38068","targetHints":{"allow":["GET"]}}],"collection":[{"href":"https:\/\/www.portalalerta.com.br\/index.php\/wp-json\/wp\/v2\/posts"}],"about":[{"href":"https:\/\/www.portalalerta.com.br\/index.php\/wp-json\/wp\/v2\/types\/post"}],"author":[{"embeddable":true,"href":"https:\/\/www.portalalerta.com.br\/index.php\/wp-json\/wp\/v2\/users\/2"}],"replies":[{"embeddable":true,"href":"https:\/\/www.portalalerta.com.br\/index.php\/wp-json\/wp\/v2\/comments?post=38068"}],"version-history":[{"count":1,"href":"https:\/\/www.portalalerta.com.br\/index.php\/wp-json\/wp\/v2\/posts\/38068\/revisions"}],"predecessor-version":[{"id":38075,"href":"https:\/\/www.portalalerta.com.br\/index.php\/wp-json\/wp\/v2\/posts\/38068\/revisions\/38075"}],"wp:featuredmedia":[{"embeddable":true,"href":"https:\/\/www.portalalerta.com.br\/index.php\/wp-json\/wp\/v2\/media\/38074"}],"wp:attachment":[{"href":"https:\/\/www.portalalerta.com.br\/index.php\/wp-json\/wp\/v2\/media?parent=38068"}],"wp:term":[{"taxonomy":"category","embeddable":true,"href":"https:\/\/www.portalalerta.com.br\/index.php\/wp-json\/wp\/v2\/categories?post=38068"},{"taxonomy":"post_tag","embeddable":true,"href":"https:\/\/www.portalalerta.com.br\/index.php\/wp-json\/wp\/v2\/tags?post=38068"}],"curies":[{"name":"wp","href":"https:\/\/api.w.org\/{rel}","templated":true}]}}