{"id":38069,"date":"2021-09-15T21:35:35","date_gmt":"2021-09-16T00:35:35","guid":{"rendered":"https:\/\/www.portalalerta.com.br\/?p=38069"},"modified":"2021-09-15T21:35:36","modified_gmt":"2021-09-16T00:35:36","slug":"sergipe-registra-primeiro-caso-da-variante-delta-diz-ses","status":"publish","type":"post","link":"https:\/\/www.portalalerta.com.br\/index.php\/2021\/09\/15\/sergipe-registra-primeiro-caso-da-variante-delta-diz-ses\/","title":{"rendered":"Sergipe registra primeiro caso da variante Delta, diz SES"},"content":{"rendered":"\n<p>Sergipe registrou nesta ter\u00e7a-feira (14), o primeiro caso da variante Delta. A informa\u00e7\u00e3o foi confirmada pela Secretaria de Estado da Sa\u00fade (SES).<\/p>\n\n\n\n<!--more-->\n\n\n\n<p>De acordo com o diretor de Vigil\u00e2ncia em Sa\u00fade da SES, Marco Aur\u00e9lio G\u00f3es, a primeira pessoa a ser identificada com a variante no estado \u00e9 uma mulher de 40 anos, moradora de Aracaju.<\/p>\n\n\n\n<figure class=\"wp-block-image size-large\"><img fetchpriority=\"high\" decoding=\"async\" width=\"720\" height=\"181\" src=\"https:\/\/www.portalalerta.com.br\/wp-content\/uploads\/2018\/02\/Auto-Escola-Nobre.jpg\" alt=\"\" class=\"wp-image-4869\" srcset=\"https:\/\/www.portalalerta.com.br\/wp-content\/uploads\/2018\/02\/Auto-Escola-Nobre.jpg 720w, https:\/\/www.portalalerta.com.br\/wp-content\/uploads\/2018\/02\/Auto-Escola-Nobre-260x65.jpg 260w, https:\/\/www.portalalerta.com.br\/wp-content\/uploads\/2018\/02\/Auto-Escola-Nobre-50x13.jpg 50w, https:\/\/www.portalalerta.com.br\/wp-content\/uploads\/2018\/02\/Auto-Escola-Nobre-150x38.jpg 150w\" sizes=\"(max-width: 720px) 100vw, 720px\" \/><\/figure>\n\n\n\n<p><strong><em>\u201cTrata-se de uma pessoa que teve uma viagem recente para o Rio de Janeiro, apresentou sintomas leves, foi atendida em um hospital privado, a sua mostra pela hist\u00f3ria dessa viagem recente foi encaminhada para o sequenciamento gen\u00f4mico e a paciente foi acompanhada pelo munic\u00edpio de resid\u00eancia, Aracaju, evoluindo de forma satisfat\u00f3ria, sem complica\u00e7\u00f5es&#8221;<\/em><\/strong>, explicou.<\/p>\n\n\n\n<p>Segundo ele, essa amostra \u00e9 de 31 de julho. Al\u00e9m dela, foram enviadas para a Funda\u00e7\u00e3o Oswaldo Cruz (Fiocruz), no Rio de Janeiro, mais 31 e todas tiveram o isolamento da variante gama, que \u00e9 a variante predominante no estado.<\/p>\n\n\n\n<p><strong><em>\u201cEsse fato \u00e9 importante para a gente saber que, apesar de estarmos em um momento de queda expressiva do n\u00famero de casos, dos \u00f3bitos, e de uma baixa taxa de ocupa\u00e7\u00e3o hospitalar \u00e9 fundamental entender que se n\u00e3o aumentarmos a cobertura vacinal, se n\u00e3o mantivermos as medidas de distanciamento, se n\u00e3o utilizarmos m\u00e1scaras em ambientes de alta circula\u00e7\u00e3o a gente pode fazer com que essa variante acabe circulando no nosso meio\u201d<\/em><\/strong>, disse o diretor em vigil\u00e2ncia.<\/p>\n\n\n\n<p>Desde o in\u00edcio da pandemia, em mar\u00e7o do ano passado, foram 277.686 casos registrados e 6.003 mortes causadas pelo novo coronav\u00edrus no estado.<\/p>\n\n\n\n<p><strong>Quadro da paciente<\/strong><strong><\/strong><\/p>\n\n\n\n<p>De acordo com a Secretaria Municipal de Sa\u00fade de Aracaju (SMS), a paciente est\u00e1 imunizada contra a Covid-19, com as duas doses.<\/p>\n\n\n\n<p><em>Fonte: Itapicuru Not\u00edcias<\/em><\/p>\n","protected":false},"excerpt":{"rendered":"<p>Sergipe registrou nesta ter\u00e7a-feira (14), o primeiro caso da variante Delta. A informa\u00e7\u00e3o foi confirmada pela Secretaria de Estado da Sa\u00fade (SES).<\/p>\n","protected":false},"author":2,"featured_media":33850,"comment_status":"open","ping_status":"open","sticky":false,"template":"","format":"standard","meta":{"om_disable_all_campaigns":false,"_monsterinsights_skip_tracking":false,"_monsterinsights_sitenote_active":false,"_monsterinsights_sitenote_note":"","_monsterinsights_sitenote_category":0,"footnotes":""},"categories":[34,70,69,19],"tags":[93,3429,3486,4876,61,4212],"class_list":["post-38069","post","type-post","status-publish","format-standard","has-post-thumbnail","hentry","category-brasil","category-destaques","category-noticias2","category-saude","tag-brasil","tag-coronavirus","tag-covid-19","tag-delta","tag-saude","tag-variante"],"aioseo_notices":[],"_links":{"self":[{"href":"https:\/\/www.portalalerta.com.br\/index.php\/wp-json\/wp\/v2\/posts\/38069","targetHints":{"allow":["GET"]}}],"collection":[{"href":"https:\/\/www.portalalerta.com.br\/index.php\/wp-json\/wp\/v2\/posts"}],"about":[{"href":"https:\/\/www.portalalerta.com.br\/index.php\/wp-json\/wp\/v2\/types\/post"}],"author":[{"embeddable":true,"href":"https:\/\/www.portalalerta.com.br\/index.php\/wp-json\/wp\/v2\/users\/2"}],"replies":[{"embeddable":true,"href":"https:\/\/www.portalalerta.com.br\/index.php\/wp-json\/wp\/v2\/comments?post=38069"}],"version-history":[{"count":1,"href":"https:\/\/www.portalalerta.com.br\/index.php\/wp-json\/wp\/v2\/posts\/38069\/revisions"}],"predecessor-version":[{"id":38073,"href":"https:\/\/www.portalalerta.com.br\/index.php\/wp-json\/wp\/v2\/posts\/38069\/revisions\/38073"}],"wp:featuredmedia":[{"embeddable":true,"href":"https:\/\/www.portalalerta.com.br\/index.php\/wp-json\/wp\/v2\/media\/33850"}],"wp:attachment":[{"href":"https:\/\/www.portalalerta.com.br\/index.php\/wp-json\/wp\/v2\/media?parent=38069"}],"wp:term":[{"taxonomy":"category","embeddable":true,"href":"https:\/\/www.portalalerta.com.br\/index.php\/wp-json\/wp\/v2\/categories?post=38069"},{"taxonomy":"post_tag","embeddable":true,"href":"https:\/\/www.portalalerta.com.br\/index.php\/wp-json\/wp\/v2\/tags?post=38069"}],"curies":[{"name":"wp","href":"https:\/\/api.w.org\/{rel}","templated":true}]}}