{"id":38077,"date":"2021-09-16T07:01:00","date_gmt":"2021-09-16T10:01:00","guid":{"rendered":"https:\/\/www.portalalerta.com.br\/?p=38077"},"modified":"2021-09-16T00:57:50","modified_gmt":"2021-09-16T03:57:50","slug":"acusado-de-cometer-extorsao-mediante-sequestro-em-salvador-ba-e-preso-na-zona-rural-de-canudos-ba","status":"publish","type":"post","link":"https:\/\/www.portalalerta.com.br\/index.php\/2021\/09\/16\/acusado-de-cometer-extorsao-mediante-sequestro-em-salvador-ba-e-preso-na-zona-rural-de-canudos-ba\/","title":{"rendered":"Acusado de cometer extors\u00e3o mediante sequestro em Salvador-BA, \u00e9 preso na zona rural de Canudos-BA"},"content":{"rendered":"\n<p>Por volta das 16:00hs desta quarta-feira (15), uma a\u00e7\u00e3o conjunta entre policiais civis da 25\u00aa COORPIN, e militares do Servi\u00e7o de Intelig\u00eancia do 5\u00ba BPM, acarretou na pris\u00e3o de um foragido da justi\u00e7a.<\/p>\n\n\n\n<!--more-->\n\n\n\n<div class=\"wp-block-image\"><figure class=\"aligncenter size-large\"><img fetchpriority=\"high\" decoding=\"async\" width=\"720\" height=\"181\" src=\"https:\/\/www.portalalerta.com.br\/wp-content\/uploads\/2018\/02\/Auto-Escola-Nobre.jpg\" alt=\"\" class=\"wp-image-4869\" srcset=\"https:\/\/www.portalalerta.com.br\/wp-content\/uploads\/2018\/02\/Auto-Escola-Nobre.jpg 720w, https:\/\/www.portalalerta.com.br\/wp-content\/uploads\/2018\/02\/Auto-Escola-Nobre-260x65.jpg 260w, https:\/\/www.portalalerta.com.br\/wp-content\/uploads\/2018\/02\/Auto-Escola-Nobre-50x13.jpg 50w, https:\/\/www.portalalerta.com.br\/wp-content\/uploads\/2018\/02\/Auto-Escola-Nobre-150x38.jpg 150w\" sizes=\"(max-width: 720px) 100vw, 720px\" \/><\/figure><\/div>\n\n\n\n<p>A a\u00e7\u00e3o foi fruto de investiga\u00e7\u00f5es realizadas pelo DRACO (Departamento de Repress\u00e3o e Combate ao Crime Organizado), que informou a respeito do paradeiro de um criminoso que tinha em seu desfavor um Mandado de Pris\u00e3o, em que \u00e9 acusado de cometer extors\u00e3o mediante sequestro na capital baiana.<\/p>\n\n\n\n<p>O criminoso identificado pelas iniciais B.F da S.D, 43 anos, foi capturado quando se encontrava no povoado Rio do Vig\u00e1rio, em Canudos. Na sequ\u00eancia foi conduzido para a carceragem do Complexo Policial de Euclides da Cunha-BA, onde se encontra \u00e0 disposi\u00e7\u00e3o da justi\u00e7a.<\/p>\n\n\n\n<p><em>Reda\u00e7\u00e3o: Portal Alerta<\/em><\/p>\n\n\n\n<p><strong><em>#fiqueemcasa<\/em><\/strong><\/p>\n\n\n\n<p><strong><em>#usemascaras<\/em><\/strong><\/p>\n","protected":false},"excerpt":{"rendered":"<p>Por volta das 16:00hs desta quarta-feira (15), uma a\u00e7\u00e3o conjunta entre policiais civis da 25\u00aa COORPIN, e militares do Servi\u00e7o de Intelig\u00eancia do 5\u00ba BPM, acarretou na pris\u00e3o de um foragido da justi\u00e7a.<\/p>\n","protected":false},"author":2,"featured_media":36659,"comment_status":"open","ping_status":"open","sticky":false,"template":"","format":"standard","meta":{"om_disable_all_campaigns":false,"_monsterinsights_skip_tracking":false,"_monsterinsights_sitenote_active":false,"_monsterinsights_sitenote_note":"","_monsterinsights_sitenote_category":0,"footnotes":""},"categories":[33,70,69,22],"tags":[557,387,54,491,1672,488,122,79,77,330,136],"class_list":["post-38077","post","type-post","status-publish","format-standard","has-post-thumbnail","hentry","category-bahia","category-destaques","category-noticias2","category-seguranca","tag-25a-coorpin","tag-5o-bpm","tag-bahia","tag-canudos","tag-extorsao","tag-mandado-de-prisao","tag-policia-civil","tag-policia-militar","tag-preso","tag-salvador","tag-sequestro"],"aioseo_notices":[],"_links":{"self":[{"href":"https:\/\/www.portalalerta.com.br\/index.php\/wp-json\/wp\/v2\/posts\/38077","targetHints":{"allow":["GET"]}}],"collection":[{"href":"https:\/\/www.portalalerta.com.br\/index.php\/wp-json\/wp\/v2\/posts"}],"about":[{"href":"https:\/\/www.portalalerta.com.br\/index.php\/wp-json\/wp\/v2\/types\/post"}],"author":[{"embeddable":true,"href":"https:\/\/www.portalalerta.com.br\/index.php\/wp-json\/wp\/v2\/users\/2"}],"replies":[{"embeddable":true,"href":"https:\/\/www.portalalerta.com.br\/index.php\/wp-json\/wp\/v2\/comments?post=38077"}],"version-history":[{"count":1,"href":"https:\/\/www.portalalerta.com.br\/index.php\/wp-json\/wp\/v2\/posts\/38077\/revisions"}],"predecessor-version":[{"id":38082,"href":"https:\/\/www.portalalerta.com.br\/index.php\/wp-json\/wp\/v2\/posts\/38077\/revisions\/38082"}],"wp:featuredmedia":[{"embeddable":true,"href":"https:\/\/www.portalalerta.com.br\/index.php\/wp-json\/wp\/v2\/media\/36659"}],"wp:attachment":[{"href":"https:\/\/www.portalalerta.com.br\/index.php\/wp-json\/wp\/v2\/media?parent=38077"}],"wp:term":[{"taxonomy":"category","embeddable":true,"href":"https:\/\/www.portalalerta.com.br\/index.php\/wp-json\/wp\/v2\/categories?post=38077"},{"taxonomy":"post_tag","embeddable":true,"href":"https:\/\/www.portalalerta.com.br\/index.php\/wp-json\/wp\/v2\/tags?post=38077"}],"curies":[{"name":"wp","href":"https:\/\/api.w.org\/{rel}","templated":true}]}}