{"id":38078,"date":"2021-09-16T07:02:00","date_gmt":"2021-09-16T10:02:00","guid":{"rendered":"https:\/\/www.portalalerta.com.br\/?p=38078"},"modified":"2021-09-16T01:03:56","modified_gmt":"2021-09-16T04:03:56","slug":"justica-autoriza-suzane-richthofen-a-sair-da-cadeia-para-estudar-no-interior-de-sp","status":"publish","type":"post","link":"https:\/\/www.portalalerta.com.br\/index.php\/2021\/09\/16\/justica-autoriza-suzane-richthofen-a-sair-da-cadeia-para-estudar-no-interior-de-sp\/","title":{"rendered":"Justi\u00e7a autoriza Suzane Richthofen a sair da cadeia para estudar no interior de SP"},"content":{"rendered":"\n<p>A Justi\u00e7a de S\u00e3o Paulo autorizou\u00a0Suzane von Richthofen, 37 anos, a sair da penitenci\u00e1ria feminina de Trememb\u00e9 (147 km de SP), onde cumpre pena pelo assassinato dos pais, para que possa iniciar a gradua\u00e7\u00e3o em Farm\u00e1cia em uma faculdade em Taubat\u00e9 (140 km de SP). Ela foi condenada a 39 anos de pris\u00e3o, em 2006, pelo homic\u00eddio de Manfred e Mar\u00edsia von Richthofen, quatro anos antes.<\/p>\n\n\n\n<!--more-->\n\n\n\n<p>Suzane est\u00e1 na Penitenci\u00e1ria Feminina Santa Maria Eufrasia Pelletierde, em Trememb\u00e9, desde em 2 de fevereiro de 2017. A hist\u00f3ria dela foi publicada em livro e tamb\u00e9m \u00e9 contada em dois filmes at\u00e9 o momento.<\/p>\n\n\n\n<p>A decis\u00e3o foi publicada no \u00faltimo dia 10 e \u00e9 assinada pelo desembargador Jos\u00e9 Dami\u00e3o Pinheiro Machado Cogan, da 5\u00aa C\u00e2mara de Direito Criminal do TJ-SP (Tribunal de Justi\u00e7a de S\u00e3o Paulo). O curso ao qual Suzane foi autorizada a frequentar come\u00e7ou em 16 de agosto deste ano.<\/p>\n\n\n\n<div class=\"wp-block-image\"><figure class=\"alignleft size-large is-resized\"><img fetchpriority=\"high\" decoding=\"async\" src=\"https:\/\/www.portalalerta.com.br\/wp-content\/uploads\/2021\/07\/Real-Calcados-Liquida-Inverno-1-1024x1024.jpeg\" alt=\"\" class=\"wp-image-36890\" width=\"291\" height=\"291\"\/><\/figure><\/div>\n\n\n\n<p>No pedido para que sua cliente pudesse estudar, a advogada Jaqueline Beatriz Ferreira Domingues argumenta que Suzane est\u00e1 no regime semiaberto, conta com hist\u00f3rico de bom comportamento, al\u00e9m de ter conquistado sua vaga no curso superior por meio do Enem.<\/p>\n\n\n\n<p>\u00c0 reportagem, a defensora afirmou que, apesar de autorizada, Suzane ainda n\u00e3o come\u00e7ou a ir \u00e0s aulas. Sobre a decis\u00e3o da Justi\u00e7a, a advogada acrescentou que, no momento, <strong><em>\u201cn\u00e3o h\u00e1 nada a falar\u201d<\/em><\/strong>.<\/p>\n\n\n\n<p>O MP-SP (Minist\u00e9rio P\u00fablico de S\u00e3o Paulo) se manifestou contra os estudos presenciais de Suzane, alegando que <strong><em>\u201ca seguran\u00e7a da paciente n\u00e3o poderia estar garantida\u201d<\/em><\/strong>, al\u00e9m de destacar o fato de as aulas terem come\u00e7ado na segunda quinzena de agosto. Apesar das alega\u00e7\u00f5es a Promotoria, a Justi\u00e7a autorizou a sa\u00edda de Suzane, para que frequente as aulas.<\/p>\n\n\n\n<p>O TJ-SP determinou que Suzane possa ficar fora do sistema prisional entre 17h e 23h55. O pedido para que ela pudesse frequentar as aulas foi protocolado por sua defesa em 12 de agosto.<\/p>\n\n\n\n<p>Essa n\u00e3o \u00e9 a primeira vez que Suzane tenta frequentar um curso superior. Ela foi autorizada, tamb\u00e9m por meio de uma decis\u00e3o judicial, a estudar em 16 de junho de 2016. O curso que seria frequentado, por\u00e9m, n\u00e3o \u00e9 mencionado pela Justi\u00e7a.<\/p>\n\n\n\n<p>Suzane acabou n\u00e3o frequentando as aulas na ocasi\u00e3o, ainda segundo o TJ-SP, por causa de sua \u201csitua\u00e7\u00e3o econ\u00f4mica\u201d.<\/p>\n\n\n\n<p>Presa em novembro de 2002, Suzane est\u00e1 desde 2015 no regime semiaberto, no qual a execu\u00e7\u00e3o da pena \u00e9 realizada em col\u00f4nias agr\u00edcolas, industriais ou em estabelecimentos similares.<\/p>\n\n\n\n<p>A SAP (Secretaria da Administra\u00e7\u00e3o Penitenci\u00e1ria) n\u00e3o havia se manifestado sobre a decis\u00e3o judicial, da mesma forma que a Promotoria, at\u00e9 a publica\u00e7\u00e3o desta reportagem.<\/p>\n\n\n\n<p><strong>RELEMBRE O CASO<\/strong><br>Segundo a vers\u00e3o da pol\u00edcia e da acusa\u00e7\u00e3o, Manfred e Mar\u00edsia von Richthofen foram assassinados no dia 31 de outubro de 2002, quando dormiam em sua casa, no bairro do Brooklin (zona sul da capital paulista).<\/p>\n\n\n\n<p>Suzane, seu namorado na \u00e9poca, Daniel Cravinhos, e o irm\u00e3o dele, Cristian Cravinhos, entraram na casa em sil\u00eancio.<br>Os irm\u00e3os subiram as escadas com Suzane, que os avisou que os pais dormiam. Ent\u00e3o, os irm\u00e3os desferiram golpes de barra de ferro contra Manfred e Mar\u00edsia. Ap\u00f3s matarem o casal, os dois cobriram os corpos com uma toalha molhada e sacos pl\u00e1sticos.<\/p>\n\n\n\n<p>A biblioteca foi desarrumada para simular um latroc\u00ednio. Tamb\u00e9m foram levados cerca de US$ 5.000, R$ 8.000 e joias do casal. O dinheiro ficou com Cristian, que acabou usando uma parte do montante para comprar uma moto.<\/p>\n\n\n\n<p>Ao deixarem o local do crime, Daniel e Suzane seguiram para um motel em S\u00e3o Paulo, enquanto Cristian foi a um hospital para visitar um amigo. Depois de algum tempo, Daniel e Suzane foram ao encontro de Andreas von Richthofen, irm\u00e3o da jovem, que havia sido deixado por Daniel em um cibercaf\u00e9. Chegaram em casa, e ent\u00e3o Suzane ligou para a pol\u00edcia informando do crime.<\/p>\n\n\n\n<p>No decorrer das investiga\u00e7\u00f5es, a delegada respons\u00e1vel pelo inqu\u00e9rito, C\u00edntia Tucunduva, do DHPP (Departamento de Homic\u00eddios e Prote\u00e7\u00e3o \u00e0 Pessoa), suspeitou do comportamento de Suzane e Daniel, que protagonizavam cenas de amor mesmo diante da trag\u00e9dia, de acordo com a delegada. No dia 8 de novembro de 2002, Suzane e os irm\u00e3os Cravinhos confessaram, em interrogat\u00f3rio \u00e0 delegada, o assassinato do casal Richthofen.<\/p>\n\n\n\n<p><em>Fonte: R\u00e1dio Povo<\/em><\/p>\n\n\n\n<p><em>Com informa\u00e7\u00f5es: Boc\u00e3o News<\/em><\/p>\n","protected":false},"excerpt":{"rendered":"<p>A Justi\u00e7a de S\u00e3o Paulo autorizou\u00a0Suzane von Richthofen, 37 anos, a sair da penitenci\u00e1ria feminina de Trememb\u00e9 (147 km de SP), onde cumpre pena pelo assassinato dos pais, para que possa iniciar a gradua\u00e7\u00e3o em Farm\u00e1cia em uma faculdade em Taubat\u00e9 (140 km de SP). Ela foi condenada a 39 anos de pris\u00e3o, em 2006, &hellip;<\/p>\n","protected":false},"author":2,"featured_media":13081,"comment_status":"open","ping_status":"open","sticky":false,"template":"","format":"standard","meta":{"om_disable_all_campaigns":false,"_monsterinsights_skip_tracking":false,"_monsterinsights_sitenote_active":false,"_monsterinsights_sitenote_note":"","_monsterinsights_sitenote_category":0,"footnotes":""},"categories":[34,70,69,22],"tags":[93,270,404,2022],"class_list":["post-38078","post","type-post","status-publish","format-standard","has-post-thumbnail","hentry","category-brasil","category-destaques","category-noticias2","category-seguranca","tag-brasil","tag-justica","tag-sao-paulo","tag-suzane-von-richthofen"],"aioseo_notices":[],"_links":{"self":[{"href":"https:\/\/www.portalalerta.com.br\/index.php\/wp-json\/wp\/v2\/posts\/38078","targetHints":{"allow":["GET"]}}],"collection":[{"href":"https:\/\/www.portalalerta.com.br\/index.php\/wp-json\/wp\/v2\/posts"}],"about":[{"href":"https:\/\/www.portalalerta.com.br\/index.php\/wp-json\/wp\/v2\/types\/post"}],"author":[{"embeddable":true,"href":"https:\/\/www.portalalerta.com.br\/index.php\/wp-json\/wp\/v2\/users\/2"}],"replies":[{"embeddable":true,"href":"https:\/\/www.portalalerta.com.br\/index.php\/wp-json\/wp\/v2\/comments?post=38078"}],"version-history":[{"count":1,"href":"https:\/\/www.portalalerta.com.br\/index.php\/wp-json\/wp\/v2\/posts\/38078\/revisions"}],"predecessor-version":[{"id":38083,"href":"https:\/\/www.portalalerta.com.br\/index.php\/wp-json\/wp\/v2\/posts\/38078\/revisions\/38083"}],"wp:featuredmedia":[{"embeddable":true,"href":"https:\/\/www.portalalerta.com.br\/index.php\/wp-json\/wp\/v2\/media\/13081"}],"wp:attachment":[{"href":"https:\/\/www.portalalerta.com.br\/index.php\/wp-json\/wp\/v2\/media?parent=38078"}],"wp:term":[{"taxonomy":"category","embeddable":true,"href":"https:\/\/www.portalalerta.com.br\/index.php\/wp-json\/wp\/v2\/categories?post=38078"},{"taxonomy":"post_tag","embeddable":true,"href":"https:\/\/www.portalalerta.com.br\/index.php\/wp-json\/wp\/v2\/tags?post=38078"}],"curies":[{"name":"wp","href":"https:\/\/api.w.org\/{rel}","templated":true}]}}