{"id":38079,"date":"2021-09-16T07:03:00","date_gmt":"2021-09-16T10:03:00","guid":{"rendered":"https:\/\/www.portalalerta.com.br\/?p=38079"},"modified":"2021-09-16T01:23:29","modified_gmt":"2021-09-16T04:23:29","slug":"ex-de-alessandro-de-dada-pede-liberdade-do-vereador-e-afirma-nunca-ofereceu-riscos","status":"publish","type":"post","link":"https:\/\/www.portalalerta.com.br\/index.php\/2021\/09\/16\/ex-de-alessandro-de-dada-pede-liberdade-do-vereador-e-afirma-nunca-ofereceu-riscos\/","title":{"rendered":"Ex de Alessandro de Dad\u00e1 pede liberdade do vereador, e afirma: \u201cNunca ofereceu riscos\u201d"},"content":{"rendered":"\n<p>A ex-esposa do vereador pombalense Alessandro de Melo Gomes Calasans (Alessandro de Dad\u00e1), preso desde <strong><a href=\"https:\/\/www.portalalerta.com.br\/index.php\/2021\/07\/28\/gordo-de-dada-publica-nota-sobre-o-caso-alessandro-vereador-pombalense-se-apresentou-a-policia-civil-em-cumprimento-a-mandado-de-prisao\/\">28 de julho<\/a><\/strong> do corrente ano, acusado de quebrar medida protetiva, com base na Lei Maria da Penha, emitiu uma Declara\u00e7\u00e3o P\u00fablica Registrada em Cart\u00f3rio, em que pediu a liberdade do edil, bem como afirmou ter levado ao conhecimento da justi\u00e7a, o desinteresse em prosseguir com a a\u00e7\u00e3o contra seu ex-esposo.<\/p>\n\n\n\n<!--more-->\n\n\n\n<div class=\"wp-block-image\"><figure class=\"alignleft size-large is-resized\"><img fetchpriority=\"high\" decoding=\"async\" src=\"https:\/\/www.portalalerta.com.br\/wp-content\/uploads\/2021\/04\/ELAB.jpg\" alt=\"\" class=\"wp-image-34795\" width=\"303\" height=\"242\" srcset=\"https:\/\/www.portalalerta.com.br\/wp-content\/uploads\/2021\/04\/ELAB.jpg 1000w, https:\/\/www.portalalerta.com.br\/wp-content\/uploads\/2021\/04\/ELAB-300x240.jpg 300w, https:\/\/www.portalalerta.com.br\/wp-content\/uploads\/2021\/04\/ELAB-768x614.jpg 768w, https:\/\/www.portalalerta.com.br\/wp-content\/uploads\/2021\/04\/ELAB-183x146.jpg 183w, https:\/\/www.portalalerta.com.br\/wp-content\/uploads\/2021\/04\/ELAB-50x40.jpg 50w, https:\/\/www.portalalerta.com.br\/wp-content\/uploads\/2021\/04\/ELAB-94x75.jpg 94w\" sizes=\"(max-width: 303px) 100vw, 303px\" \/><\/figure><\/div>\n\n\n\n<p>O documento foi assinado por Ana Carolina (Carol), no \u00faltimo dia 03, por\u00e9m s\u00f3 foi divulgado nesta quarta-feira (15). De acordo com Carol, a liberdade de Alessandro <strong><em>\u201cnunca ofereceu nem oferece risco \u00e0 sua integridade f\u00edsica e ou mental\u201d.<\/em><\/strong> <strong>Confira:<\/strong><\/p>\n\n\n\n<div class=\"wp-block-image\"><figure class=\"aligncenter size-large\"><img decoding=\"async\" width=\"691\" height=\"1024\" src=\"https:\/\/www.portalalerta.com.br\/wp-content\/uploads\/2021\/09\/Declaracao-publica-em-favor-de-Alessandro-2021-691x1024.jpeg\" alt=\"\" class=\"wp-image-38084\" srcset=\"https:\/\/www.portalalerta.com.br\/wp-content\/uploads\/2021\/09\/Declaracao-publica-em-favor-de-Alessandro-2021-691x1024.jpeg 691w, https:\/\/www.portalalerta.com.br\/wp-content\/uploads\/2021\/09\/Declaracao-publica-em-favor-de-Alessandro-2021-162x240.jpeg 162w, https:\/\/www.portalalerta.com.br\/wp-content\/uploads\/2021\/09\/Declaracao-publica-em-favor-de-Alessandro-2021-768x1138.jpeg 768w, https:\/\/www.portalalerta.com.br\/wp-content\/uploads\/2021\/09\/Declaracao-publica-em-favor-de-Alessandro-2021-99x146.jpeg 99w, https:\/\/www.portalalerta.com.br\/wp-content\/uploads\/2021\/09\/Declaracao-publica-em-favor-de-Alessandro-2021-34x50.jpeg 34w, https:\/\/www.portalalerta.com.br\/wp-content\/uploads\/2021\/09\/Declaracao-publica-em-favor-de-Alessandro-2021-51x75.jpeg 51w, https:\/\/www.portalalerta.com.br\/wp-content\/uploads\/2021\/09\/Declaracao-publica-em-favor-de-Alessandro-2021.jpeg 864w\" sizes=\"(max-width: 691px) 100vw, 691px\" \/><\/figure><\/div>\n\n\n\n<p>Acredita-se que o documento em tela, dever\u00e1 ser utilizado em defesa do vereador, que ter\u00e1 uma nova audi\u00eancia no pr\u00f3ximo dia 06, conforme divulgou a vereadora Narjara Andrade, na \u00faltima sess\u00e3o da C\u00e2mara, na segunda-feira (13).<\/p>\n\n\n\n<p>Vale ressaltar que, em determinados casos referentes \u00e0 Lei Maria da Penha, mesmo com a desist\u00eancia da v\u00edtima em prosseguir com a a\u00e7\u00e3o, n\u00e3o significa que a mesma ser\u00e1 extinguida, tendo em vista que a depender do conte\u00fado do processo, a a\u00e7\u00e3o pode ser considerada incondicionada, ou seja, se torna de interesse p\u00fablico, e n\u00e3o mais da v\u00edtima.<\/p>\n\n\n\n<p><em>Reda\u00e7\u00e3o: Portal Alerta<\/em><\/p>\n\n\n\n<p><strong><em>#fiqueemcasa<\/em><\/strong><\/p>\n\n\n\n<p><strong><em>#usemascaras<\/em><\/strong><\/p>\n","protected":false},"excerpt":{"rendered":"<p>A ex-esposa do vereador pombalense Alessandro de Melo Gomes Calasans (Alessandro de Dad\u00e1), preso desde 28 de julho do corrente ano, acusado de quebrar medida protetiva, com base na Lei Maria da Penha, emitiu uma Declara\u00e7\u00e3o P\u00fablica Registrada em Cart\u00f3rio, em que pediu a liberdade do edil, bem como afirmou ter levado ao conhecimento da &hellip;<\/p>\n","protected":false},"author":2,"featured_media":38085,"comment_status":"open","ping_status":"open","sticky":false,"template":"","format":"standard","meta":{"om_disable_all_campaigns":false,"_monsterinsights_skip_tracking":false,"_monsterinsights_sitenote_active":false,"_monsterinsights_sitenote_note":"","_monsterinsights_sitenote_category":0,"footnotes":""},"categories":[70,69,21,32,3,22],"tags":[4878,4633,480,4704,77,47,80,523],"class_list":["post-38079","post","type-post","status-publish","format-standard","has-post-thumbnail","hentry","category-destaques","category-noticias2","category-politica","category-regiao","category-ribeira-do-pombal","category-seguranca","tag-declaracao-publica","tag-ex-esposa","tag-maria-da-penha","tag-medida-protetiva","tag-preso","tag-ribeira-do-pombal","tag-vereador","tag-violencia-domestica"],"aioseo_notices":[],"_links":{"self":[{"href":"https:\/\/www.portalalerta.com.br\/index.php\/wp-json\/wp\/v2\/posts\/38079","targetHints":{"allow":["GET"]}}],"collection":[{"href":"https:\/\/www.portalalerta.com.br\/index.php\/wp-json\/wp\/v2\/posts"}],"about":[{"href":"https:\/\/www.portalalerta.com.br\/index.php\/wp-json\/wp\/v2\/types\/post"}],"author":[{"embeddable":true,"href":"https:\/\/www.portalalerta.com.br\/index.php\/wp-json\/wp\/v2\/users\/2"}],"replies":[{"embeddable":true,"href":"https:\/\/www.portalalerta.com.br\/index.php\/wp-json\/wp\/v2\/comments?post=38079"}],"version-history":[{"count":1,"href":"https:\/\/www.portalalerta.com.br\/index.php\/wp-json\/wp\/v2\/posts\/38079\/revisions"}],"predecessor-version":[{"id":38086,"href":"https:\/\/www.portalalerta.com.br\/index.php\/wp-json\/wp\/v2\/posts\/38079\/revisions\/38086"}],"wp:featuredmedia":[{"embeddable":true,"href":"https:\/\/www.portalalerta.com.br\/index.php\/wp-json\/wp\/v2\/media\/38085"}],"wp:attachment":[{"href":"https:\/\/www.portalalerta.com.br\/index.php\/wp-json\/wp\/v2\/media?parent=38079"}],"wp:term":[{"taxonomy":"category","embeddable":true,"href":"https:\/\/www.portalalerta.com.br\/index.php\/wp-json\/wp\/v2\/categories?post=38079"},{"taxonomy":"post_tag","embeddable":true,"href":"https:\/\/www.portalalerta.com.br\/index.php\/wp-json\/wp\/v2\/tags?post=38079"}],"curies":[{"name":"wp","href":"https:\/\/api.w.org\/{rel}","templated":true}]}}