{"id":38087,"date":"2021-09-16T18:31:09","date_gmt":"2021-09-16T21:31:09","guid":{"rendered":"https:\/\/www.portalalerta.com.br\/?p=38087"},"modified":"2021-09-16T18:31:10","modified_gmt":"2021-09-16T21:31:10","slug":"lobista-reconhece-negocios-com-advogada-de-bolsonaro-apos-ser-ameacado-de-prisao-na-cpi","status":"publish","type":"post","link":"https:\/\/www.portalalerta.com.br\/index.php\/2021\/09\/16\/lobista-reconhece-negocios-com-advogada-de-bolsonaro-apos-ser-ameacado-de-prisao-na-cpi\/","title":{"rendered":"Lobista reconhece neg\u00f3cios com advogada de Bolsonaro ap\u00f3s ser amea\u00e7ado de pris\u00e3o na CPI"},"content":{"rendered":"\n<p>Marconny Albernaz, lobista da Precisa medicamentos, admitiu a rela\u00e7\u00e3o depois de negar v\u00e1rias vezes durante a CPI<\/p>\n\n\n\n<!--more-->\n\n\n\n<p>O lobista Marconny Albernaz de Faria, suspeito de ter atuado como lobista da Precisa Medicamentos, reconheceu em depoimento \u00e0 CPI da Covid que det\u00e9m neg\u00f3cios com a advogada Karina Kufa, que representa o presidente Jair Bolsonaro.<\/p>\n\n\n\n<p>A Precisa \u00e9 a mesma empresa que atuou na venda da vacina indiana Coxavin para o Minist\u00e9rio da Sa\u00fade (MS). O contrato, para aquisi\u00e7\u00e3o de 20 milh\u00f5es de doses da Covaxin por R$ 1,6 bilh\u00e3o, foi cancelado pelo MS ap\u00f3s den\u00fancias de irregularidades na documenta\u00e7\u00e3o trazidas pela CPI.<\/p>\n\n\n\n<div data-mvc-banner=\"leaderboard\"><\/div><script type=\"text\/javascript\"> (function(storeName) { var b = document.createElement('script'); b.type = 'text\/javascript'; b.async = true; b.src = 'https:\/\/www.magazinevoce.com.br\/js\/banner.js?store='+ storeName; var s = document.getElementsByTagName('script')[0]; s.parentNode.insertBefore(b, s); })('Nvscosta'); <\/script>\n\n\n\n<p>O depoente negou diversas vezes que tinha neg\u00f3cios com a advogada Karina Kufa. Na \u00faltima pergunta de senadores a respeito do tema, manteve a vers\u00e3o, mas foi confrontado com mensagens de WhatsApp que indicavam o contr\u00e1rio.<\/p>\n\n\n\n<p>As mensagens constam de inqu\u00e9rito no Minist\u00e9rio P\u00fablico Federal, cujas informa\u00e7\u00f5es foram compartilhadas com a CPI. Ap\u00f3s ter mentido que n\u00e3o mantinha neg\u00f3cios com Kufa, o vice-presidente da CPI, Randolfe Rodrigues (Rede-AP), amea\u00e7ou Marconny de pris\u00e3o e deu oportunidade para que ele se retratasse.<\/p>\n\n\n\n<p>Marconny ent\u00e3o assumiu que mant\u00e9m os neg\u00f3cios, mas em seguida invocou seu direito ao sil\u00eancio.<\/p>\n\n\n\n<p><strong><em>&#8220;O senhor esteve muito pr\u00f3ximo de ter sido decretada [a pris\u00e3o]. E s\u00f3 n\u00e3o ocorre porque n\u00e3o temos claros os termos do habeas corpus&#8221;,<\/em><\/strong> afirmou Randolfe, referindo-se ao habeas corpus concedido pelo STF.<\/p>\n\n\n\n<p><em>Fonte: Metro1<\/em><\/p>\n","protected":false},"excerpt":{"rendered":"<p>Marconny Albernaz, lobista da Precisa medicamentos, admitiu a rela\u00e7\u00e3o depois de negar v\u00e1rias vezes durante a CPI<\/p>\n","protected":false},"author":2,"featured_media":38091,"comment_status":"open","ping_status":"open","sticky":false,"template":"","format":"standard","meta":{"om_disable_all_campaigns":false,"_monsterinsights_skip_tracking":false,"_monsterinsights_sitenote_active":false,"_monsterinsights_sitenote_note":"","_monsterinsights_sitenote_category":0,"footnotes":""},"categories":[34,70,69,21],"tags":[93,3429,3486,721,4879,4880,199,1030],"class_list":["post-38087","post","type-post","status-publish","format-standard","has-post-thumbnail","hentry","category-brasil","category-destaques","category-noticias2","category-politica","tag-brasil","tag-coronavirus","tag-covid-19","tag-cpi","tag-lobista","tag-marconny-albernaz-de-faria","tag-politica","tag-senadores"],"aioseo_notices":[],"_links":{"self":[{"href":"https:\/\/www.portalalerta.com.br\/index.php\/wp-json\/wp\/v2\/posts\/38087","targetHints":{"allow":["GET"]}}],"collection":[{"href":"https:\/\/www.portalalerta.com.br\/index.php\/wp-json\/wp\/v2\/posts"}],"about":[{"href":"https:\/\/www.portalalerta.com.br\/index.php\/wp-json\/wp\/v2\/types\/post"}],"author":[{"embeddable":true,"href":"https:\/\/www.portalalerta.com.br\/index.php\/wp-json\/wp\/v2\/users\/2"}],"replies":[{"embeddable":true,"href":"https:\/\/www.portalalerta.com.br\/index.php\/wp-json\/wp\/v2\/comments?post=38087"}],"version-history":[{"count":1,"href":"https:\/\/www.portalalerta.com.br\/index.php\/wp-json\/wp\/v2\/posts\/38087\/revisions"}],"predecessor-version":[{"id":38092,"href":"https:\/\/www.portalalerta.com.br\/index.php\/wp-json\/wp\/v2\/posts\/38087\/revisions\/38092"}],"wp:featuredmedia":[{"embeddable":true,"href":"https:\/\/www.portalalerta.com.br\/index.php\/wp-json\/wp\/v2\/media\/38091"}],"wp:attachment":[{"href":"https:\/\/www.portalalerta.com.br\/index.php\/wp-json\/wp\/v2\/media?parent=38087"}],"wp:term":[{"taxonomy":"category","embeddable":true,"href":"https:\/\/www.portalalerta.com.br\/index.php\/wp-json\/wp\/v2\/categories?post=38087"},{"taxonomy":"post_tag","embeddable":true,"href":"https:\/\/www.portalalerta.com.br\/index.php\/wp-json\/wp\/v2\/tags?post=38087"}],"curies":[{"name":"wp","href":"https:\/\/api.w.org\/{rel}","templated":true}]}}