{"id":38088,"date":"2021-09-16T19:02:57","date_gmt":"2021-09-16T22:02:57","guid":{"rendered":"https:\/\/www.portalalerta.com.br\/?p=38088"},"modified":"2021-09-16T19:02:58","modified_gmt":"2021-09-16T22:02:58","slug":"dupla-e-presa-por-trafico-de-drogas-em-tucano-ba-2","status":"publish","type":"post","link":"https:\/\/www.portalalerta.com.br\/index.php\/2021\/09\/16\/dupla-e-presa-por-trafico-de-drogas-em-tucano-ba-2\/","title":{"rendered":"Dupla \u00e9 presa por tr\u00e1fico de drogas, em Tucano-BA"},"content":{"rendered":"\n<p>Por volta das 04hs da \u00faltima quarta-feira (15), uma a\u00e7\u00e3o conjunta envolvendo policiais militares da 2\u00aa CIA\/ Tucano-BA, da Companhia de Emprego T\u00e1tico Operacional (CETO), e do Servi\u00e7o de Intelig\u00eancia do 5\u00ba Batalh\u00e3o, prendeu duas pessoas acusadas de tr\u00e1fico de drogas, em Tucano-BA<\/p>\n\n\n\n<!--more-->\n\n\n\n<div class=\"wp-block-image\"><figure class=\"aligncenter size-large\"><img fetchpriority=\"high\" decoding=\"async\" width=\"720\" height=\"181\" src=\"https:\/\/www.portalalerta.com.br\/wp-content\/uploads\/2018\/02\/Auto-Escola-Nobre.jpg\" alt=\"\" class=\"wp-image-4869\" srcset=\"https:\/\/www.portalalerta.com.br\/wp-content\/uploads\/2018\/02\/Auto-Escola-Nobre.jpg 720w, https:\/\/www.portalalerta.com.br\/wp-content\/uploads\/2018\/02\/Auto-Escola-Nobre-260x65.jpg 260w, https:\/\/www.portalalerta.com.br\/wp-content\/uploads\/2018\/02\/Auto-Escola-Nobre-50x13.jpg 50w, https:\/\/www.portalalerta.com.br\/wp-content\/uploads\/2018\/02\/Auto-Escola-Nobre-150x38.jpg 150w\" sizes=\"(max-width: 720px) 100vw, 720px\" \/><\/figure><\/div>\n\n\n\n<p>A a\u00e7\u00e3o ocorreu no Povoado Maxixe\/ Arapu\u00e1, onde foram encontrados sob a posse dos criminosos: 01 espingarda, 11 por\u00e7\u00f5es de maconha, uma quantia de R$ 75,00 em esp\u00e9cie, e um aparelho celular.<\/p>\n\n\n\n<p>A dupla, identificada pelas iniciais L.C.S de S, e L.T de L, foi conduzida juntamente com o material apreendido, para a Delegacia de Pol\u00edcia Civil, onde foi lavrada a ocorr\u00eancia por tr\u00e1fico de drogas e posse de arma de fogo.<\/p>\n\n\n\n<p><em>Reda\u00e7\u00e3o: Portal Alerta<\/em><\/p>\n\n\n\n<p><strong><em>#fiqueemcasa<\/em><\/strong><\/p>\n\n\n\n<p><strong><em>#usemascaras &nbsp;&nbsp;&nbsp;&nbsp;&nbsp;&nbsp;&nbsp;<\/em><\/strong><\/p>\n","protected":false},"excerpt":{"rendered":"<p>Por volta das 04hs da \u00faltima quarta-feira (15), uma a\u00e7\u00e3o conjunta envolvendo policiais militares da 2\u00aa CIA\/ Tucano-BA, da Companhia de Emprego T\u00e1tico Operacional (CETO), e do Servi\u00e7o de Intelig\u00eancia do 5\u00ba Batalh\u00e3o, prendeu duas pessoas acusadas de tr\u00e1fico de drogas, em Tucano-BA<\/p>\n","protected":false},"author":2,"featured_media":38093,"comment_status":"open","ping_status":"open","sticky":false,"template":"","format":"standard","meta":{"om_disable_all_campaigns":false,"_monsterinsights_skip_tracking":false,"_monsterinsights_sitenote_active":false,"_monsterinsights_sitenote_note":"","_monsterinsights_sitenote_category":0,"footnotes":""},"categories":[70,69,32,22,12],"tags":[972,387,409,110,76,190],"class_list":["post-38088","post","type-post","status-publish","format-standard","has-post-thumbnail","hentry","category-destaques","category-noticias2","category-regiao","category-seguranca","category-tucano","tag-2a-cia","tag-5o-bpm","tag-ceto","tag-presos","tag-trafico-de-drogas","tag-tucano"],"aioseo_notices":[],"_links":{"self":[{"href":"https:\/\/www.portalalerta.com.br\/index.php\/wp-json\/wp\/v2\/posts\/38088","targetHints":{"allow":["GET"]}}],"collection":[{"href":"https:\/\/www.portalalerta.com.br\/index.php\/wp-json\/wp\/v2\/posts"}],"about":[{"href":"https:\/\/www.portalalerta.com.br\/index.php\/wp-json\/wp\/v2\/types\/post"}],"author":[{"embeddable":true,"href":"https:\/\/www.portalalerta.com.br\/index.php\/wp-json\/wp\/v2\/users\/2"}],"replies":[{"embeddable":true,"href":"https:\/\/www.portalalerta.com.br\/index.php\/wp-json\/wp\/v2\/comments?post=38088"}],"version-history":[{"count":1,"href":"https:\/\/www.portalalerta.com.br\/index.php\/wp-json\/wp\/v2\/posts\/38088\/revisions"}],"predecessor-version":[{"id":38094,"href":"https:\/\/www.portalalerta.com.br\/index.php\/wp-json\/wp\/v2\/posts\/38088\/revisions\/38094"}],"wp:featuredmedia":[{"embeddable":true,"href":"https:\/\/www.portalalerta.com.br\/index.php\/wp-json\/wp\/v2\/media\/38093"}],"wp:attachment":[{"href":"https:\/\/www.portalalerta.com.br\/index.php\/wp-json\/wp\/v2\/media?parent=38088"}],"wp:term":[{"taxonomy":"category","embeddable":true,"href":"https:\/\/www.portalalerta.com.br\/index.php\/wp-json\/wp\/v2\/categories?post=38088"},{"taxonomy":"post_tag","embeddable":true,"href":"https:\/\/www.portalalerta.com.br\/index.php\/wp-json\/wp\/v2\/tags?post=38088"}],"curies":[{"name":"wp","href":"https:\/\/api.w.org\/{rel}","templated":true}]}}