{"id":38089,"date":"2021-09-16T19:12:06","date_gmt":"2021-09-16T22:12:06","guid":{"rendered":"https:\/\/www.portalalerta.com.br\/?p=38089"},"modified":"2021-09-16T19:12:07","modified_gmt":"2021-09-16T22:12:07","slug":"cinco-ministros-entregam-os-cargos-e-abalam-governo-argentino","status":"publish","type":"post","link":"https:\/\/www.portalalerta.com.br\/index.php\/2021\/09\/16\/cinco-ministros-entregam-os-cargos-e-abalam-governo-argentino\/","title":{"rendered":"Cinco ministros entregam os cargos e abalam governo argentino"},"content":{"rendered":"\n<p>Cinco ministros apresentaram nesta quarta-feira, 15, suas cartas de ren\u00fancias ao presidente da Argentina, Alberto Fern\u00e1ndez. O chefe do executivo ainda deve decidir se aceita as sa\u00eddas, ap\u00f3s o forte rev\u00e9s eleitoral nas prim\u00e1rias legislativas, que resultou em uma crise pol\u00edtica dentro da alian\u00e7a de centro-esquerda.<\/p>\n\n\n\n<!--more-->\n\n\n\n<p>Segundo a ag\u00eancia AFP, o ministro do Interior, Wado de Pedro, foi o primeiro a oferecer sua ren\u00fancia. Em seguida, foi seguido pelos titulares das pastas da Justi\u00e7a, Mart\u00edn Soria; da Ci\u00eancia, Roberto Salvarezza; do Meio Ambiente, Juan Cabandi\u00e9; e Cultura, Trist\u00e1n Bauer, considerado pr\u00f3ximo da vice-presidente Cristina Kirchner.<\/p>\n\n\n\n<p><strong><em>\u201cOuvindo suas palavras na noite de domingo, onde levantou a necessidade de interpretar o veredito expresso pelo povo argentino, considerei que a melhor forma de colaborar com esta tarefa \u00e9 colocando minha demiss\u00e3o \u00e0 sua disposi\u00e7\u00e3o\u201d<\/em><\/strong>, escreveu De Pedro no carta que apresentou Fern\u00e1ndez.<\/p>\n\n\n\n<p>No domingo, 12, nas prim\u00e1rias para eleger candidatos para as legislaturas de meio de mandato, a coaliz\u00e3o governista Frente de Todos (peronismo de centro-esquerda) obteve menos de 31% dos votos em todo o pa\u00eds, revelando uma rejei\u00e7\u00e3o do eleitorado muito maior do que imaginavam os l\u00edderes pol\u00edticos e as pesquisas.<\/p>\n\n\n\n<div class=\"wp-block-image\"><figure class=\"alignleft size-large is-resized\"><img fetchpriority=\"high\" decoding=\"async\" src=\"https:\/\/www.portalalerta.com.br\/wp-content\/uploads\/2021\/04\/ELAB.jpg\" alt=\"\" class=\"wp-image-34795\" width=\"270\" height=\"216\" srcset=\"https:\/\/www.portalalerta.com.br\/wp-content\/uploads\/2021\/04\/ELAB.jpg 1000w, https:\/\/www.portalalerta.com.br\/wp-content\/uploads\/2021\/04\/ELAB-300x240.jpg 300w, https:\/\/www.portalalerta.com.br\/wp-content\/uploads\/2021\/04\/ELAB-768x614.jpg 768w, https:\/\/www.portalalerta.com.br\/wp-content\/uploads\/2021\/04\/ELAB-183x146.jpg 183w, https:\/\/www.portalalerta.com.br\/wp-content\/uploads\/2021\/04\/ELAB-50x40.jpg 50w, https:\/\/www.portalalerta.com.br\/wp-content\/uploads\/2021\/04\/ELAB-94x75.jpg 94w\" sizes=\"(max-width: 270px) 100vw, 270px\" \/><\/figure><\/div>\n\n\n\n<p>A coaliz\u00e3o de centro-direita Juntos, do ex-presidente Mauricio Macri (2015-2019), obteve 40% dos votos em n\u00edvel nacional e levou cinco pontos de vantagem sobre o partido no poder na prov\u00edncia da capital Buenos Aires, tradicional reduto peronista.<\/p>\n\n\n\n<p>Como o voto na Argentina \u00e9 obrigat\u00f3rio, as prim\u00e1rias se tornam uma esp\u00e9cie de pesquisa em grande escala. Nesse caso, o resultado faz com que o governo tema perder a maioria no Senado e impossibilita sua consolida\u00e7\u00e3o na C\u00e2mara dos Deputados quando, em 14 de novembro, ter\u00e3o elei\u00e7\u00f5es para uma renova\u00e7\u00e3o parcial do Congresso.<\/p>\n\n\n\n<p>Pobreza e FMI &#8211; Fern\u00e1ndez, sem for\u00e7a pol\u00edtica pr\u00f3pria, assumiu o cargo em dezembro de 2019 com uma chapa promovida pela ex-presidente Cristina Kirchner (2007-2015), agora vice-presidente.<\/p>\n\n\n\n<p>Durante sua gest\u00e3o, Fern\u00e1ndez teve que enfrentar a pandemia de covid-19 e o aprofundamento da crise econ\u00f4mica que deixou quase metade da popula\u00e7\u00e3o na pobreza.<\/p>\n\n\n\n<p>Com a popularidade em decl\u00ednio, Kirchner tem criticado no \u00faltimo ano a gest\u00e3o de Fern\u00e1ndez, revelando diverg\u00eancias internas e at\u00e9 referindo-se a &#8220;funcion\u00e1rios que n\u00e3o trabalham&#8221;.<\/p>\n\n\n\n<p>A Argentina acumula at\u00e9 agosto um aumento da infla\u00e7\u00e3o de mais de 30%, entre as mais altas do mundo, e um \u00edndice de pobreza de 42%, em meio a uma recess\u00e3o que dura desde 2018.<\/p>\n\n\n\n<p><strong><em>Fonte: Metro1<\/em><\/strong><\/p>\n","protected":false},"excerpt":{"rendered":"<p>Cinco ministros apresentaram nesta quarta-feira, 15, suas cartas de ren\u00fancias ao presidente da Argentina, Alberto Fern\u00e1ndez. O chefe do executivo ainda deve decidir se aceita as sa\u00eddas, ap\u00f3s o forte rev\u00e9s eleitoral nas prim\u00e1rias legislativas, que resultou em uma crise pol\u00edtica dentro da alian\u00e7a de centro-esquerda.<\/p>\n","protected":false},"author":2,"featured_media":34062,"comment_status":"open","ping_status":"open","sticky":false,"template":"","format":"standard","meta":{"om_disable_all_campaigns":false,"_monsterinsights_skip_tracking":false,"_monsterinsights_sitenote_active":false,"_monsterinsights_sitenote_note":"","_monsterinsights_sitenote_category":0,"footnotes":""},"categories":[70,35,69,21],"tags":[297,1135,339,199,576],"class_list":["post-38089","post","type-post","status-publish","format-standard","has-post-thumbnail","hentry","category-destaques","category-mundo","category-noticias2","category-politica","tag-argentina","tag-ministros","tag-mundo","tag-politica","tag-renuncia"],"aioseo_notices":[],"_links":{"self":[{"href":"https:\/\/www.portalalerta.com.br\/index.php\/wp-json\/wp\/v2\/posts\/38089","targetHints":{"allow":["GET"]}}],"collection":[{"href":"https:\/\/www.portalalerta.com.br\/index.php\/wp-json\/wp\/v2\/posts"}],"about":[{"href":"https:\/\/www.portalalerta.com.br\/index.php\/wp-json\/wp\/v2\/types\/post"}],"author":[{"embeddable":true,"href":"https:\/\/www.portalalerta.com.br\/index.php\/wp-json\/wp\/v2\/users\/2"}],"replies":[{"embeddable":true,"href":"https:\/\/www.portalalerta.com.br\/index.php\/wp-json\/wp\/v2\/comments?post=38089"}],"version-history":[{"count":1,"href":"https:\/\/www.portalalerta.com.br\/index.php\/wp-json\/wp\/v2\/posts\/38089\/revisions"}],"predecessor-version":[{"id":38095,"href":"https:\/\/www.portalalerta.com.br\/index.php\/wp-json\/wp\/v2\/posts\/38089\/revisions\/38095"}],"wp:featuredmedia":[{"embeddable":true,"href":"https:\/\/www.portalalerta.com.br\/index.php\/wp-json\/wp\/v2\/media\/34062"}],"wp:attachment":[{"href":"https:\/\/www.portalalerta.com.br\/index.php\/wp-json\/wp\/v2\/media?parent=38089"}],"wp:term":[{"taxonomy":"category","embeddable":true,"href":"https:\/\/www.portalalerta.com.br\/index.php\/wp-json\/wp\/v2\/categories?post=38089"},{"taxonomy":"post_tag","embeddable":true,"href":"https:\/\/www.portalalerta.com.br\/index.php\/wp-json\/wp\/v2\/tags?post=38089"}],"curies":[{"name":"wp","href":"https:\/\/api.w.org\/{rel}","templated":true}]}}