{"id":38090,"date":"2021-09-16T19:16:44","date_gmt":"2021-09-16T22:16:44","guid":{"rendered":"https:\/\/www.portalalerta.com.br\/?p=38090"},"modified":"2021-09-16T19:16:45","modified_gmt":"2021-09-16T22:16:45","slug":"operacao-inventario-tres-pessoas-sao-presas-e-mais-de-100-cartoes-de-credito-apreendidos-uma-das-prisoes-ocorreu-em-ribeira-do-pombal-ba","status":"publish","type":"post","link":"https:\/\/www.portalalerta.com.br\/index.php\/2021\/09\/16\/operacao-inventario-tres-pessoas-sao-presas-e-mais-de-100-cartoes-de-credito-apreendidos-uma-das-prisoes-ocorreu-em-ribeira-do-pombal-ba\/","title":{"rendered":"Opera\u00e7\u00e3o Invent\u00e1rio: Tr\u00eas pessoas s\u00e3o presas e mais de 100 cart\u00f5es de cr\u00e9dito apreendidos. Uma das pris\u00f5es ocorreu em Ribeira do Pombal-BA"},"content":{"rendered":"\n<p>O Minist\u00e9rio P\u00fablico estadual, por meio do Grupo de Apoio Especial de Combate \u00e0s Organiza\u00e7\u00f5es Criminosas (Gaeco), deflagrou na manh\u00e3 dessa quinta-feira, dia 16, a segunda etapa da \u2018Opera\u00e7\u00e3o Invent\u00e1rio\u2019, que investiga fraudes em processos judiciais em tr\u00e2mite no Poder Judici\u00e1rio baiano, supostamente praticadas por organiza\u00e7\u00e3o criminosa formada por advogados, serventu\u00e1rios e particulares respons\u00e1veis por falsifica\u00e7\u00e3o de documentos.&nbsp; Tr\u00eas pessoas foram presas, dois assessores de ju\u00edz e um hacker, e apreendidos mais de 100 cart\u00f5es em nome de terceiros e empresas, computadores, celulares e HDs.&nbsp;<\/p>\n\n\n\n<!--more-->\n\n\n\n<div class=\"wp-block-image\"><figure class=\"alignleft size-large is-resized\"><img fetchpriority=\"high\" decoding=\"async\" src=\"https:\/\/www.portalalerta.com.br\/wp-content\/uploads\/2021\/07\/Real-Calcados-Liquida-Inverno-1-1024x1024.jpeg\" alt=\"\" class=\"wp-image-36890\" width=\"300\" height=\"300\"\/><\/figure><\/div>\n\n\n\n<p>Os tr\u00eas mandados de pris\u00e3o preventiva e seis mandados de busca e apreens\u00e3o foram cumpridos&nbsp;em Salvador, Lauro de Freitas e Ribeira do Pombal deferidos pela Vara dos Feitos Relativos a Delitos Praticados por Organiza\u00e7\u00e3o Criminosa da Comarca de Salvador (Vorcrim). Al\u00e9m disso, foram deferidos o afastamento de duas pessoas de suas fun\u00e7\u00f5es p\u00fablicas perante a Justi\u00e7a baiana.<\/p>\n\n\n\n<p>Nesta Fase, o Gaeco apurou ind\u00edcios da pr\u00e1tica de crimes de organiza\u00e7\u00e3o criminosa, corrup\u00e7\u00e3o ativa e passiva, fraude processual e uso de documento falso.&nbsp;A \u2018Opera\u00e7\u00e3o Invent\u00e1rio\u2019 \u00e9&nbsp; fruto de esfor\u00e7o conjunto da Pol\u00edcia Civil, por meio do Departamento de Repress\u00e3o e Combate ao Crime Organizado (Draco) e do Departamento de Pol\u00edcia Metropolitana (Depom), da Pol\u00edcia Rodovi\u00e1ria Federal, por meio da Superintend\u00eancia Regional na Bahia e da Pol\u00edcia Militar, por meio&nbsp;da CIPE &#8211; Nordeste.&nbsp;<\/p>\n\n\n\n<p>De acordo com o Minist\u00e9rio P\u00fablico, n\u00e3o houve concess\u00e3o de coletiva de imprensa ou entrevistas, por parte do MP da Bahia, neste momento, em raz\u00e3o do disposto no art. 38 da Lei 13.869\/2019 (Lei do Abuso de Autoridade).<\/p>\n\n\n\n<p><em>Fonte: MP\/ Bahia<\/em><\/p>\n","protected":false},"excerpt":{"rendered":"<p>O Minist\u00e9rio P\u00fablico estadual, por meio do Grupo de Apoio Especial de Combate \u00e0s Organiza\u00e7\u00f5es Criminosas (Gaeco), deflagrou na manh\u00e3 dessa quinta-feira, dia 16, a segunda etapa da \u2018Opera\u00e7\u00e3o Invent\u00e1rio\u2019, que investiga fraudes em processos judiciais em tr\u00e2mite no Poder Judici\u00e1rio baiano, supostamente praticadas por organiza\u00e7\u00e3o criminosa formada por advogados, serventu\u00e1rios e particulares respons\u00e1veis por &hellip;<\/p>\n","protected":false},"author":2,"featured_media":24445,"comment_status":"open","ping_status":"open","sticky":false,"template":"","format":"standard","meta":{"om_disable_all_campaigns":false,"_monsterinsights_skip_tracking":false,"_monsterinsights_sitenote_active":false,"_monsterinsights_sitenote_note":"","_monsterinsights_sitenote_category":0,"footnotes":""},"categories":[33,70,69,32,3,22],"tags":[167,4881,842,3894,270,352,3893,122,110,149],"class_list":["post-38090","post","type-post","status-publish","format-standard","has-post-thumbnail","hentry","category-bahia","category-destaques","category-noticias2","category-regiao","category-ribeira-do-pombal","category-seguranca","tag-cipe-nordeste","tag-depom","tag-draco","tag-gaeco","tag-justica","tag-ministerio-publico","tag-operacao-inventario","tag-policia-civil","tag-presos","tag-prf"],"aioseo_notices":[],"_links":{"self":[{"href":"https:\/\/www.portalalerta.com.br\/index.php\/wp-json\/wp\/v2\/posts\/38090","targetHints":{"allow":["GET"]}}],"collection":[{"href":"https:\/\/www.portalalerta.com.br\/index.php\/wp-json\/wp\/v2\/posts"}],"about":[{"href":"https:\/\/www.portalalerta.com.br\/index.php\/wp-json\/wp\/v2\/types\/post"}],"author":[{"embeddable":true,"href":"https:\/\/www.portalalerta.com.br\/index.php\/wp-json\/wp\/v2\/users\/2"}],"replies":[{"embeddable":true,"href":"https:\/\/www.portalalerta.com.br\/index.php\/wp-json\/wp\/v2\/comments?post=38090"}],"version-history":[{"count":1,"href":"https:\/\/www.portalalerta.com.br\/index.php\/wp-json\/wp\/v2\/posts\/38090\/revisions"}],"predecessor-version":[{"id":38096,"href":"https:\/\/www.portalalerta.com.br\/index.php\/wp-json\/wp\/v2\/posts\/38090\/revisions\/38096"}],"wp:featuredmedia":[{"embeddable":true,"href":"https:\/\/www.portalalerta.com.br\/index.php\/wp-json\/wp\/v2\/media\/24445"}],"wp:attachment":[{"href":"https:\/\/www.portalalerta.com.br\/index.php\/wp-json\/wp\/v2\/media?parent=38090"}],"wp:term":[{"taxonomy":"category","embeddable":true,"href":"https:\/\/www.portalalerta.com.br\/index.php\/wp-json\/wp\/v2\/categories?post=38090"},{"taxonomy":"post_tag","embeddable":true,"href":"https:\/\/www.portalalerta.com.br\/index.php\/wp-json\/wp\/v2\/tags?post=38090"}],"curies":[{"name":"wp","href":"https:\/\/api.w.org\/{rel}","templated":true}]}}