{"id":38097,"date":"2021-09-17T15:51:56","date_gmt":"2021-09-17T18:51:56","guid":{"rendered":"https:\/\/www.portalalerta.com.br\/?p=38097"},"modified":"2021-09-17T15:51:58","modified_gmt":"2021-09-17T18:51:58","slug":"maior-hidreletrica-do-sudeste-atinge-0-de-nivel-e-opera-com-reservatorio-abaixo-do-limite","status":"publish","type":"post","link":"https:\/\/www.portalalerta.com.br\/index.php\/2021\/09\/17\/maior-hidreletrica-do-sudeste-atinge-0-de-nivel-e-opera-com-reservatorio-abaixo-do-limite\/","title":{"rendered":"Maior hidrel\u00e9trica do Sudeste atinge 0% de n\u00edvel e opera com reservat\u00f3rio abaixo do limite"},"content":{"rendered":"\n<p>O reservat\u00f3rio da usina hidrel\u00e9trica de Ilha Solteira atingiu 0% do seu n\u00edvel operacional nesta quarta-feira (15),\u00a0ap\u00f3s bater n\u00edveis cr\u00edticos nesta segunda-feira (13), resultado de uma queda abrupta no n\u00edvel da represa em apenas duas semanas.\u00a0<\/p>\n\n\n\n<!--more-->\n\n\n\n<p>Entre os dias 1\u00ba e 15 de setembro, o lago de Ilha Solteira despencou de quase 22% para o atual 0%. A queda fica ainda mais n\u00edtida se comparado com o in\u00edcio de agosto, quando o reservat\u00f3rio da usina \u00e0s margens do Rio Paran\u00e1 na divisa entre S\u00e3o Paulo e Mato Grosso do Sul acumulava 40% de sua capacidade.&nbsp;<\/p>\n\n\n\n<p>Naquele momento muitas represas,\u00a0sobretudo no Tri\u00e2ngulo Mineiro, j\u00e1 guardavam pouco mais de 10% do poss\u00edvel.<\/p>\n\n\n\n<p>Terceira maior hidrel\u00e9trica em opera\u00e7\u00e3o no pa\u00eds, Ilha Solteira tem capacidade de gerar 3.444 MW com 20 unidades geradoras, o suficiente para abastecer o Rio de Janeiro e Recife, aproximadamente. Desde Agosto, no entanto, vinha gerando cerca de 30% disso de forma a preservar a \u00e1gua do reservat\u00f3rio.&nbsp;<\/p>\n\n\n\n<p>Nesta ter\u00e7a-feira, j\u00e1 com a represa pr\u00f3xima do zero operacional, a usina gerou pouco menos da metade do potencial.<\/p>\n\n\n\n<div class=\"wp-block-image\"><figure class=\"alignleft size-large\"><img fetchpriority=\"high\" decoding=\"async\" width=\"299\" height=\"300\" src=\"https:\/\/www.portalalerta.com.br\/wp-content\/uploads\/2021\/07\/A-Voz-do-Sertao.1.jpg\" alt=\"\" class=\"wp-image-36575\" srcset=\"https:\/\/www.portalalerta.com.br\/wp-content\/uploads\/2021\/07\/A-Voz-do-Sertao.1.jpg 299w, https:\/\/www.portalalerta.com.br\/wp-content\/uploads\/2021\/07\/A-Voz-do-Sertao.1-239x240.jpg 239w, https:\/\/www.portalalerta.com.br\/wp-content\/uploads\/2021\/07\/A-Voz-do-Sertao.1-146x146.jpg 146w, https:\/\/www.portalalerta.com.br\/wp-content\/uploads\/2021\/07\/A-Voz-do-Sertao.1-50x50.jpg 50w, https:\/\/www.portalalerta.com.br\/wp-content\/uploads\/2021\/07\/A-Voz-do-Sertao.1-75x75.jpg 75w, https:\/\/www.portalalerta.com.br\/wp-content\/uploads\/2021\/07\/A-Voz-do-Sertao.1-85x85.jpg 85w, https:\/\/www.portalalerta.com.br\/wp-content\/uploads\/2021\/07\/A-Voz-do-Sertao.1-80x80.jpg 80w\" sizes=\"(max-width: 299px) 100vw, 299px\" \/><\/figure><\/div>\n\n\n\n<p>Segundo a estatal chinesa CTG Brasil, concession\u00e1ria da usina, o n\u00edvel do reservat\u00f3rio nesta quarta-feira \u00e9 de 322,94m, correspondente a -1,09% do volume armazenado, quando considerado o n\u00edvel m\u00ednimo de 323m estabelecido pelos \u00f3rg\u00e3os reguladores.<\/p>\n\n\n\n<p>Em nota, o ONS (Operador Nacional do Sistema) defendeu a redu\u00e7\u00e3o no n\u00edvel da represa, afirmando que os dados oficiais apresentados t\u00eam como refer\u00eancia o volume \u00fatil, definido na outorga da Ag\u00eancia Nacional de \u00c1guas (ANA), que considera a cota de 323 metros para n\u00e3o interromper o funcionamento da hidrovia Tiet\u00ea-Paran\u00e1.<\/p>\n\n\n\n<p>A nota afirma ainda que \u201co valor de 0,0% n\u00e3o quer dizer que o reservat\u00f3rio da usina esteja vazio. Se considerarmos o n\u00edvel m\u00ednimo de projeto, cuja cota \u00e9 314 metros, o reservat\u00f3rio encontra-se com 56,72% do seu armazenamento. Como autorizado pela C\u00e2mara de Regras Excepcionais para Gest\u00e3o Hidroenerg\u00e9tica (CREG), o Operador est\u00e1 autorizado a chegar \u00e0 cota de 314 metros e est\u00e1 comprometido em fazer a melhor gest\u00e3o de recursos no atual cen\u00e1rio\u201d.<\/p>\n\n\n\n<p>De acordo com a concession\u00e1ria, se for considerado o n\u00edvel m\u00ednimo de projeto, cuja cota \u00e9 314m, o n\u00edvel de hoje corresponde a 56,72% do volume \u00fatil total do reservat\u00f3rio.<\/p>\n\n\n\n<p><strong>\u201cIrresponsabilidade\u201d<\/strong><\/p>\n\n\n\n<p>Nesta ter\u00e7a-feira (14) foi realizada nova reuni\u00e3o do Grupo de Trabalho da crise na bacia do rio Paran\u00e1 \u2014 cujos reservat\u00f3rios est\u00e3o atualmente com menores n\u00edveis observados em 90 anos \u2014 com autoridades de Goi\u00e1s, S\u00e3o Paulo, Minas Gerais, Paran\u00e1 e Mato Grosso do Sul, al\u00e9m da ANA (Ag\u00eancia Nacional de \u00c1guas), e, excepcionalmente o ONS e os minist\u00e9rios de Minas e Energia e Infraestrutura.&nbsp;<\/p>\n\n\n\n<p>Nela, a ANA demonstrou preocupa\u00e7\u00e3o com a explora\u00e7\u00e3o hidrel\u00e9trica em n\u00edveis abaixo do estabelecido pelas outorgas emitidas pelo \u00f3rg\u00e3o.<\/p>\n\n\n\n<p>A ag\u00eancia chamou aten\u00e7\u00e3o ainda para poss\u00edveis ocorr\u00eancias de impactos, de quantidade e de qualidade da \u00e1gua, nos demais usos em decorr\u00eancia de n\u00edveis muito baixos, e que os agentes devem elaborar um levantamento dos poss\u00edveis impactos e promovam medidas para mitig\u00e1-los. Um estudo de impactos estaria sendo elaborado pelo minist\u00e9rio de Minas e Energia, por\u00e9m sem prazo para apresenta\u00e7\u00e3o.<\/p>\n\n\n\n<p><strong>Usina no Rio Paran\u00e1<\/strong><\/p>\n\n\n\n<p>Ex-diretor-presidente da ANA entre 2010 e 2014, Vicente Andreu considera uma irresponsabilidade a opera\u00e7\u00e3o a n\u00edveis t\u00e3o cr\u00edticos.&nbsp;<\/p>\n\n\n\n<p><em>&#8220;A outorga publicada em 2019 define um limite de seguran\u00e7a; abaixo disso existe o risco de afetar o equipamento, a seguran\u00e7a h\u00eddrica, e mesmo a utiliza\u00e7\u00e3o do rio dentro de todos aqueles usos m\u00faltiplos que \u00e9 conferido\u201d, afirma.&nbsp;<\/em><\/p>\n\n\n\n<p>Ele questiona a falta de clareza sobre os crit\u00e9rios adotados para a redu\u00e7\u00e3o e gerenciamento da crise h\u00eddrico-energ\u00e9tica pela qual atravessa o centro-sul do pa\u00eds.<\/p>\n\n\n\n<p>\u201cO ONS planejava chegar em novembro com Ilha Solteira na cota 319m, e assim de repente, em setembro, diminui para 323m, ou 1,45%, que \u00e9 o m\u00ednimo operacional; \u00e9 imposs\u00edvel saber qual o crit\u00e9rio usado e qual ser\u00e1 aplicado daqui para frente\u201d.<\/p>\n\n\n\n<p>Andreu classifica como \u201cfalsifica\u00e7\u00e3o estat\u00edstica\u201d os an\u00fancios feitos por parte do ONS sobre a pior seca dos 91 anos no Brasil, apontando que na regi\u00e3o Norte houve um dos per\u00edodos chuvosos mais intensos dos \u00faltimos anos, com a cheia do Rio Negro atindingo n\u00edveis extremos e levando \u00e0\u00a0inunda\u00e7\u00e3o de Manaus e uma dezena de cidades \u00e0s margens do rio.<\/p>\n\n\n\n<p>A CTG defende em nota que \u201cvem acolhendo na sua integralidade as determina\u00e7\u00f5es recebidas, cumprindo rigorosamente a legisla\u00e7\u00e3o, procedimentos e normas do setor el\u00e9trico brasileiro, bem como a Pol\u00edtica de Opera\u00e7\u00e3o definida pelo Operador Nacional do Sistema El\u00e9trico (ONS) para as usinas hidrel\u00e9tricas sob sua concess\u00e3o, e colaborando com o ONS e demais institui\u00e7\u00f5es\u201d, e que \u201cem situa\u00e7\u00e3o de escassez h\u00eddrica, as condi\u00e7\u00f5es de opera\u00e7\u00e3o da usina poder\u00e3o ser revistas pelos \u00f3rg\u00e3os competentes, podendo chegar no n\u00edvel m\u00ednimo operativo previsto em projeto, que \u00e9 de 314m\u201d.<\/p>\n\n\n\n<p><strong>Racionamento<\/strong><\/p>\n\n\n\n<p>Enquanto o Governo Federal, por meio do Minist\u00e9rio do Meio Ambiente, vem se recusando a falar em racionamento de energia diante da crise vivida, os Estados j\u00e1 vem anunciando o corte planejado no abastecimento de \u00e1gua de algumas cidades.<\/p>\n\n\n\n<p>Em Goi\u00e1s, j\u00e1 h\u00e1 redu\u00e7\u00e3o da capta\u00e7\u00e3o para o abastecimento da Regi\u00e3o Metropolitana de Goi\u00e2nia, onde vivem 1,3 milh\u00e3o de habitantes, e a situa\u00e7\u00e3o tamb\u00e9m \u00e9 cr\u00edtica em An\u00e1polis e em Rio Verde (250.000 habitantes), com riscos para o abastecimento p\u00fablico e para a agroind\u00fastria.<\/p>\n\n\n\n<p>Paran\u00e1 j\u00e1 vem operando com esquema de rod\u00edzio para o abastecimento p\u00fablico na Regi\u00e3o<\/p>\n\n\n\n<p>Metropolitana de Curitiba e Cascavel, enquanto em S\u00e3o Paulo 17 munic\u00edpios est\u00e3o em situa\u00e7\u00e3o cr\u00edtica. Em quatro deles (Tiet\u00ea, Salto, Itu e Franca) h\u00e1 rod\u00edzio para o abastecimento p\u00fablico de \u00e1gua. A regi\u00e3o noroeste do Estado, junto do sul do Goi\u00e1s e Tri\u00e2ngulo Mineiro, \u00e9 o\u00a0epicentro da atual seca recorde que castiga o centro-sul do pa\u00eds.<\/p>\n\n\n\n<p><em>Fonte: Yahoo Not\u00edcias<\/em><\/p>\n","protected":false},"excerpt":{"rendered":"<p>O reservat\u00f3rio da usina hidrel\u00e9trica de Ilha Solteira atingiu 0% do seu n\u00edvel operacional nesta quarta-feira (15),\u00a0ap\u00f3s bater n\u00edveis cr\u00edticos nesta segunda-feira (13), resultado de uma queda abrupta no n\u00edvel da represa em apenas duas semanas.\u00a0<\/p>\n","protected":false},"author":2,"featured_media":38037,"comment_status":"open","ping_status":"open","sticky":false,"template":"","format":"standard","meta":{"om_disable_all_campaigns":false,"_monsterinsights_skip_tracking":false,"_monsterinsights_sitenote_active":false,"_monsterinsights_sitenote_note":"","_monsterinsights_sitenote_category":0,"footnotes":""},"categories":[34,70,69],"tags":[93,4882,4869,429],"class_list":["post-38097","post","type-post","status-publish","format-standard","has-post-thumbnail","hentry","category-brasil","category-destaques","category-noticias2","tag-brasil","tag-ilha-solteira","tag-sudeste","tag-usina-hidreletrica"],"aioseo_notices":[],"_links":{"self":[{"href":"https:\/\/www.portalalerta.com.br\/index.php\/wp-json\/wp\/v2\/posts\/38097","targetHints":{"allow":["GET"]}}],"collection":[{"href":"https:\/\/www.portalalerta.com.br\/index.php\/wp-json\/wp\/v2\/posts"}],"about":[{"href":"https:\/\/www.portalalerta.com.br\/index.php\/wp-json\/wp\/v2\/types\/post"}],"author":[{"embeddable":true,"href":"https:\/\/www.portalalerta.com.br\/index.php\/wp-json\/wp\/v2\/users\/2"}],"replies":[{"embeddable":true,"href":"https:\/\/www.portalalerta.com.br\/index.php\/wp-json\/wp\/v2\/comments?post=38097"}],"version-history":[{"count":1,"href":"https:\/\/www.portalalerta.com.br\/index.php\/wp-json\/wp\/v2\/posts\/38097\/revisions"}],"predecessor-version":[{"id":38101,"href":"https:\/\/www.portalalerta.com.br\/index.php\/wp-json\/wp\/v2\/posts\/38097\/revisions\/38101"}],"wp:featuredmedia":[{"embeddable":true,"href":"https:\/\/www.portalalerta.com.br\/index.php\/wp-json\/wp\/v2\/media\/38037"}],"wp:attachment":[{"href":"https:\/\/www.portalalerta.com.br\/index.php\/wp-json\/wp\/v2\/media?parent=38097"}],"wp:term":[{"taxonomy":"category","embeddable":true,"href":"https:\/\/www.portalalerta.com.br\/index.php\/wp-json\/wp\/v2\/categories?post=38097"},{"taxonomy":"post_tag","embeddable":true,"href":"https:\/\/www.portalalerta.com.br\/index.php\/wp-json\/wp\/v2\/tags?post=38097"}],"curies":[{"name":"wp","href":"https:\/\/api.w.org\/{rel}","templated":true}]}}