{"id":38098,"date":"2021-09-17T15:58:02","date_gmt":"2021-09-17T18:58:02","guid":{"rendered":"https:\/\/www.portalalerta.com.br\/?p=38098"},"modified":"2021-09-17T15:58:03","modified_gmt":"2021-09-17T18:58:03","slug":"jovem-sofre-tentativa-de-homicidio-em-antas-ba","status":"publish","type":"post","link":"https:\/\/www.portalalerta.com.br\/index.php\/2021\/09\/17\/jovem-sofre-tentativa-de-homicidio-em-antas-ba\/","title":{"rendered":"Jovem sofre tentativa de homic\u00eddio em Antas-BA"},"content":{"rendered":"\n<p>Na madrugada de quarta-feira (15) o jovem Rafael de Jesus, 23 anos, residente na Rua S\u00e3o Pedro sn em Antas BA, sofreu uma tentativa de homic\u00eddio no povoado Duas Serras, em Antas-BA, ap\u00f3s ser alvejado por dois disparos, um no ombro direito e outro nas costas.<\/p>\n\n\n\n<!--more-->\n\n\n\n<div class=\"wp-block-image\"><figure class=\"aligncenter size-large\"><img fetchpriority=\"high\" decoding=\"async\" width=\"720\" height=\"181\" src=\"https:\/\/www.portalalerta.com.br\/wp-content\/uploads\/2018\/02\/Auto-Escola-Nobre.jpg\" alt=\"\" class=\"wp-image-4869\" srcset=\"https:\/\/www.portalalerta.com.br\/wp-content\/uploads\/2018\/02\/Auto-Escola-Nobre.jpg 720w, https:\/\/www.portalalerta.com.br\/wp-content\/uploads\/2018\/02\/Auto-Escola-Nobre-260x65.jpg 260w, https:\/\/www.portalalerta.com.br\/wp-content\/uploads\/2018\/02\/Auto-Escola-Nobre-50x13.jpg 50w, https:\/\/www.portalalerta.com.br\/wp-content\/uploads\/2018\/02\/Auto-Escola-Nobre-150x38.jpg 150w\" sizes=\"(max-width: 720px) 100vw, 720px\" \/><\/figure><\/div>\n\n\n\n<p>A Pol\u00edcia Militar foi acionada e a viatura at\u00e9 o local acompanhada de uma ambul\u00e2ncia, efetuando os primeiros levantamentos. A v\u00edtima foi conduzida ao Hospital Nossa Senhora de Lourdes e, segundo a v\u00edtima, o autor dos disparos tem o apelido de &#8220;PL&#8221;.<\/p>\n\n\n\n<p>O caso segue sob investiga\u00e7\u00e3o e as causas e motiva\u00e7\u00e3o n\u00e3o foram reveladas.<\/p>\n\n\n\n<p><em>Fonte: Rodrygo Ferraz<\/em><\/p>\n","protected":false},"excerpt":{"rendered":"<p>Na madrugada de quarta-feira (15) o jovem Rafael de Jesus, 23 anos, residente na Rua S\u00e3o Pedro sn em Antas BA, sofreu uma tentativa de homic\u00eddio no povoado Duas Serras, em Antas-BA, ap\u00f3s ser alvejado por dois disparos, um no ombro direito e outro nas costas.<\/p>\n","protected":false},"author":2,"featured_media":3236,"comment_status":"open","ping_status":"open","sticky":false,"template":"","format":"standard","meta":{"om_disable_all_campaigns":false,"_monsterinsights_skip_tracking":false,"_monsterinsights_sitenote_active":false,"_monsterinsights_sitenote_note":"","_monsterinsights_sitenote_category":0,"footnotes":""},"categories":[5,70,69,32,22],"tags":[71,375,299,105],"class_list":["post-38098","post","type-post","status-publish","format-standard","has-post-thumbnail","hentry","category-antas","category-destaques","category-noticias2","category-regiao","category-seguranca","tag-antas","tag-disparos-de-arma-de-fogo","tag-ferido","tag-tentativa-de-homicidio"],"aioseo_notices":[],"_links":{"self":[{"href":"https:\/\/www.portalalerta.com.br\/index.php\/wp-json\/wp\/v2\/posts\/38098","targetHints":{"allow":["GET"]}}],"collection":[{"href":"https:\/\/www.portalalerta.com.br\/index.php\/wp-json\/wp\/v2\/posts"}],"about":[{"href":"https:\/\/www.portalalerta.com.br\/index.php\/wp-json\/wp\/v2\/types\/post"}],"author":[{"embeddable":true,"href":"https:\/\/www.portalalerta.com.br\/index.php\/wp-json\/wp\/v2\/users\/2"}],"replies":[{"embeddable":true,"href":"https:\/\/www.portalalerta.com.br\/index.php\/wp-json\/wp\/v2\/comments?post=38098"}],"version-history":[{"count":1,"href":"https:\/\/www.portalalerta.com.br\/index.php\/wp-json\/wp\/v2\/posts\/38098\/revisions"}],"predecessor-version":[{"id":38102,"href":"https:\/\/www.portalalerta.com.br\/index.php\/wp-json\/wp\/v2\/posts\/38098\/revisions\/38102"}],"wp:featuredmedia":[{"embeddable":true,"href":"https:\/\/www.portalalerta.com.br\/index.php\/wp-json\/wp\/v2\/media\/3236"}],"wp:attachment":[{"href":"https:\/\/www.portalalerta.com.br\/index.php\/wp-json\/wp\/v2\/media?parent=38098"}],"wp:term":[{"taxonomy":"category","embeddable":true,"href":"https:\/\/www.portalalerta.com.br\/index.php\/wp-json\/wp\/v2\/categories?post=38098"},{"taxonomy":"post_tag","embeddable":true,"href":"https:\/\/www.portalalerta.com.br\/index.php\/wp-json\/wp\/v2\/tags?post=38098"}],"curies":[{"name":"wp","href":"https:\/\/api.w.org\/{rel}","templated":true}]}}