{"id":38107,"date":"2021-09-17T21:11:30","date_gmt":"2021-09-18T00:11:30","guid":{"rendered":"https:\/\/www.portalalerta.com.br\/?p=38107"},"modified":"2021-09-17T21:11:31","modified_gmt":"2021-09-18T00:11:31","slug":"ministro-diz-que-vacinacao-foi-suspensa-por-cautela-apos-registro-caso-adverso-grave","status":"publish","type":"post","link":"https:\/\/www.portalalerta.com.br\/index.php\/2021\/09\/17\/ministro-diz-que-vacinacao-foi-suspensa-por-cautela-apos-registro-caso-adverso-grave\/","title":{"rendered":"Ministro diz que vacina\u00e7\u00e3o foi suspensa por cautela, ap\u00f3s registro caso adverso grave"},"content":{"rendered":"\n<p>O ministro da Sa\u00fade, Marcelo Queiroga, afirmou em coletiva na tarde desta quinta-feira que a campanha de vacina\u00e7\u00e3o para adolescentes de 12 a 17 anos foi suspensa por cautela, ap\u00f3s a notifica\u00e7\u00e3o de um caso adverso grave, com a morte de um adolescente que tomou a vacina da Pfizer.<\/p>\n\n\n\n<!--more-->\n\n\n\n<p>A campanha de vacina\u00e7\u00e3o para os adolescentes sem comorbidades estava programada pelo Minist\u00e9rio da Sa\u00fade para come\u00e7ar nesta quarta-feira (15), mas muitos munic\u00edpios j\u00e1 haviam iniciado a vacina\u00e7\u00e3o desse p\u00fablico, a exemplo de Salvador. O ministro informou que, por quest\u00e3o de cautela, o esquema vacinal desses adolescentes deve ser suspenso.<\/p>\n\n\n\n<div data-mvc-banner=\"leaderboard\"><\/div><script type=\"text\/javascript\"> (function(storeName) { var b = document.createElement('script'); b.type = 'text\/javascript'; b.async = true; b.src = 'https:\/\/www.magazinevoce.com.br\/js\/banner.js?store='+ storeName; var s = document.getElementsByTagName('script')[0]; s.parentNode.insertBefore(b, s); })('Nvscosta'); <\/script>\n\n\n\n<p><strong><em>\u201cAqueles sem comorbidades, independente da vacina que tomaram, param. N\u00e3o tomam a segunda dose, por quest\u00e3o de cautela. Aqueles com comorbidade que tomaram a Pfizer v\u00e3o continuar o programa vacinal\u201d<\/em><\/strong>, disse Queiroga.<\/p>\n\n\n\n<p>O ministro ainda destacou que apenas a vacina da Pfizer est\u00e1 autorizada pela Anvisa para aplica\u00e7\u00e3o nos adolescentes, mas algumas cidades aplicaram imunizantes de outros laborat\u00f3rios. <strong><em>\u201cOs adolescentes com comorbidade que tomaram vacina diferente da Pfizer param por a\u00ed. Independente da vacina. N\u00e3o vou autorizar a intercambialidade de vacinas para esse p\u00fablico\u201d<\/em><\/strong>, declarou Marcelo Queiroga.<\/p>\n\n\n\n<p>Ainda conforme Queiroga, o Minist\u00e9rio da Sa\u00fade pode rever a sua posi\u00e7\u00e3o desde que haja evid\u00eancias cient\u00edficas s\u00f3lidas. <strong><em>\u201cEm rela\u00e7\u00e3o \u00e0 vacina\u00e7\u00e3o em adolescentes sem comorbidades, temos esses efeitos adversos que precisam ser investigados e os adolescentes que tomaram outras vacinas precisamos acompanhar esses casos\u201d,<\/em><\/strong> disse.<br><br>Segundo dados apresentados na coletiva, 3.538.528 de adolescentes j\u00e1 foram vacinados no Brasil. Na Bahia, foram 101.033 jovens entre 12 e 17 anos imunizados.<\/p>\n\n\n\n<p><em>Fonte: Metro1<\/em><\/p>\n","protected":false},"excerpt":{"rendered":"<p>O ministro da Sa\u00fade, Marcelo Queiroga, afirmou em coletiva na tarde desta quinta-feira que a campanha de vacina\u00e7\u00e3o para adolescentes de 12 a 17 anos foi suspensa por cautela, ap\u00f3s a notifica\u00e7\u00e3o de um caso adverso grave, com a morte de um adolescente que tomou a vacina da Pfizer.<\/p>\n","protected":false},"author":2,"featured_media":33853,"comment_status":"open","ping_status":"open","sticky":false,"template":"","format":"standard","meta":{"om_disable_all_campaigns":false,"_monsterinsights_skip_tracking":false,"_monsterinsights_sitenote_active":false,"_monsterinsights_sitenote_note":"","_monsterinsights_sitenote_category":0,"footnotes":""},"categories":[34,70,69,19],"tags":[1222,93,3429,3486,4002,61,748,3570,371],"class_list":["post-38107","post","type-post","status-publish","format-standard","has-post-thumbnail","hentry","category-brasil","category-destaques","category-noticias2","category-saude","tag-adolescente","tag-brasil","tag-coronavirus","tag-covid-19","tag-pfizer","tag-saude","tag-suspensao","tag-vacina","tag-vacinacao"],"aioseo_notices":[],"_links":{"self":[{"href":"https:\/\/www.portalalerta.com.br\/index.php\/wp-json\/wp\/v2\/posts\/38107","targetHints":{"allow":["GET"]}}],"collection":[{"href":"https:\/\/www.portalalerta.com.br\/index.php\/wp-json\/wp\/v2\/posts"}],"about":[{"href":"https:\/\/www.portalalerta.com.br\/index.php\/wp-json\/wp\/v2\/types\/post"}],"author":[{"embeddable":true,"href":"https:\/\/www.portalalerta.com.br\/index.php\/wp-json\/wp\/v2\/users\/2"}],"replies":[{"embeddable":true,"href":"https:\/\/www.portalalerta.com.br\/index.php\/wp-json\/wp\/v2\/comments?post=38107"}],"version-history":[{"count":1,"href":"https:\/\/www.portalalerta.com.br\/index.php\/wp-json\/wp\/v2\/posts\/38107\/revisions"}],"predecessor-version":[{"id":38111,"href":"https:\/\/www.portalalerta.com.br\/index.php\/wp-json\/wp\/v2\/posts\/38107\/revisions\/38111"}],"wp:featuredmedia":[{"embeddable":true,"href":"https:\/\/www.portalalerta.com.br\/index.php\/wp-json\/wp\/v2\/media\/33853"}],"wp:attachment":[{"href":"https:\/\/www.portalalerta.com.br\/index.php\/wp-json\/wp\/v2\/media?parent=38107"}],"wp:term":[{"taxonomy":"category","embeddable":true,"href":"https:\/\/www.portalalerta.com.br\/index.php\/wp-json\/wp\/v2\/categories?post=38107"},{"taxonomy":"post_tag","embeddable":true,"href":"https:\/\/www.portalalerta.com.br\/index.php\/wp-json\/wp\/v2\/tags?post=38107"}],"curies":[{"name":"wp","href":"https:\/\/api.w.org\/{rel}","templated":true}]}}