{"id":38110,"date":"2021-09-17T21:18:48","date_gmt":"2021-09-18T00:18:48","guid":{"rendered":"https:\/\/www.portalalerta.com.br\/?p=38110"},"modified":"2021-09-17T21:18:49","modified_gmt":"2021-09-18T00:18:49","slug":"pele-volta-a-uti-apos-instabilidade-respiratoria-diz-boletim","status":"publish","type":"post","link":"https:\/\/www.portalalerta.com.br\/index.php\/2021\/09\/17\/pele-volta-a-uti-apos-instabilidade-respiratoria-diz-boletim\/","title":{"rendered":"Pel\u00e9 volta \u00e0 UTI ap\u00f3s instabilidade respirat\u00f3ria, diz boletim"},"content":{"rendered":"\n<p>O Hospital Albert Einstein, em S\u00e3o Paulo, confirmou que Pel\u00e9 voltou \u00e0 Unidade de Terapia Intensiva (UTI) ap\u00f3s apresentar breve instabilidade respirat\u00f3ria na madrugada desta sexta (17) e se encontra em cuidado semi-intensivo.<\/p>\n\n\n\n<!--more-->\n\n\n\n<div class=\"wp-block-image\"><figure class=\"alignleft size-large is-resized\"><img fetchpriority=\"high\" decoding=\"async\" src=\"https:\/\/www.portalalerta.com.br\/wp-content\/uploads\/2021\/04\/ELAB.jpg\" alt=\"\" class=\"wp-image-34795\" width=\"299\" height=\"239\" srcset=\"https:\/\/www.portalalerta.com.br\/wp-content\/uploads\/2021\/04\/ELAB.jpg 1000w, https:\/\/www.portalalerta.com.br\/wp-content\/uploads\/2021\/04\/ELAB-300x240.jpg 300w, https:\/\/www.portalalerta.com.br\/wp-content\/uploads\/2021\/04\/ELAB-768x614.jpg 768w, https:\/\/www.portalalerta.com.br\/wp-content\/uploads\/2021\/04\/ELAB-183x146.jpg 183w, https:\/\/www.portalalerta.com.br\/wp-content\/uploads\/2021\/04\/ELAB-50x40.jpg 50w, https:\/\/www.portalalerta.com.br\/wp-content\/uploads\/2021\/04\/ELAB-94x75.jpg 94w\" sizes=\"(max-width: 299px) 100vw, 299px\" \/><\/figure><\/div>\n\n\n\n<p>De acordo com os m\u00e9dicos que assinam o boletim, a medida foi tomada de forma preventiva. Ap\u00f3s estabiliza\u00e7\u00e3o do quadro, o ex-jogador passou para cuidados semi-intensivos. O quadro \u00e9 est\u00e1vel do ponto de vista cardiovascular e respirat\u00f3rio, e segue em recupera\u00e7\u00e3o de p\u00f3s-operat\u00f3rio abdominal.&nbsp;<\/p>\n\n\n\n<p>Ele ficou na UTI do mesmo hospital do dia 4 ao dia 15 de setembro, quando teve de passar por um procedimento cir\u00fargico para a retirada de um tumor no c\u00f3lon, uma parte do intestino. Ele estava no quarto h\u00e1 dois dias.<\/p>\n\n\n\n<p>Aos 80 anos, Pel\u00e9 foi internado no dia 30 de agosto, quando anunciou que passava por exames de rotina. Foi quando o tumor foi encontrado.<\/p>\n\n\n\n<p>Pel\u00e9 j\u00e1 vinha sofrendo de problemas de sa\u00fade ap\u00f3s uma cirurgia no quadril, o que dificulta sua locomo\u00e7\u00e3o desde 2018. O \u00eddolo do futebol mundial tamb\u00e9m realizou uma cirurgia de retirada de um c\u00e1lculo renal em 2019.<\/p>\n\n\n\n<p><em>Fonte: Yahoo Not\u00edcias<\/em><\/p>\n","protected":false},"excerpt":{"rendered":"<p>O Hospital Albert Einstein, em S\u00e3o Paulo, confirmou que Pel\u00e9 voltou \u00e0 Unidade de Terapia Intensiva (UTI) ap\u00f3s apresentar breve instabilidade respirat\u00f3ria na madrugada desta sexta (17) e se encontra em cuidado semi-intensivo.<\/p>\n","protected":false},"author":2,"featured_media":38045,"comment_status":"open","ping_status":"open","sticky":false,"template":"","format":"standard","meta":{"om_disable_all_campaigns":false,"_monsterinsights_skip_tracking":false,"_monsterinsights_sitenote_active":false,"_monsterinsights_sitenote_note":"","_monsterinsights_sitenote_category":0,"footnotes":""},"categories":[34,70,2,69,19],"tags":[93,2542,153],"class_list":["post-38110","post","type-post","status-publish","format-standard","has-post-thumbnail","hentry","category-brasil","category-destaques","category-esportes","category-noticias2","category-saude","tag-brasil","tag-pele","tag-uti"],"aioseo_notices":[],"_links":{"self":[{"href":"https:\/\/www.portalalerta.com.br\/index.php\/wp-json\/wp\/v2\/posts\/38110","targetHints":{"allow":["GET"]}}],"collection":[{"href":"https:\/\/www.portalalerta.com.br\/index.php\/wp-json\/wp\/v2\/posts"}],"about":[{"href":"https:\/\/www.portalalerta.com.br\/index.php\/wp-json\/wp\/v2\/types\/post"}],"author":[{"embeddable":true,"href":"https:\/\/www.portalalerta.com.br\/index.php\/wp-json\/wp\/v2\/users\/2"}],"replies":[{"embeddable":true,"href":"https:\/\/www.portalalerta.com.br\/index.php\/wp-json\/wp\/v2\/comments?post=38110"}],"version-history":[{"count":1,"href":"https:\/\/www.portalalerta.com.br\/index.php\/wp-json\/wp\/v2\/posts\/38110\/revisions"}],"predecessor-version":[{"id":38113,"href":"https:\/\/www.portalalerta.com.br\/index.php\/wp-json\/wp\/v2\/posts\/38110\/revisions\/38113"}],"wp:featuredmedia":[{"embeddable":true,"href":"https:\/\/www.portalalerta.com.br\/index.php\/wp-json\/wp\/v2\/media\/38045"}],"wp:attachment":[{"href":"https:\/\/www.portalalerta.com.br\/index.php\/wp-json\/wp\/v2\/media?parent=38110"}],"wp:term":[{"taxonomy":"category","embeddable":true,"href":"https:\/\/www.portalalerta.com.br\/index.php\/wp-json\/wp\/v2\/categories?post=38110"},{"taxonomy":"post_tag","embeddable":true,"href":"https:\/\/www.portalalerta.com.br\/index.php\/wp-json\/wp\/v2\/tags?post=38110"}],"curies":[{"name":"wp","href":"https:\/\/api.w.org\/{rel}","templated":true}]}}